{"id":5582,"date":"2019-11-13T05:30:00","date_gmt":"2019-11-13T04:30:00","guid":{"rendered":"https:\/\/kastela.hr\/en\/2019\/11\/13\/sazvana-18-sjednica-gradskog-vijeca-2\/"},"modified":"2024-11-28T13:24:31","modified_gmt":"2024-11-28T12:24:31","slug":"sazvana-18-sjednica-gradskog-vijeca-2","status":"publish","type":"post","link":"https:\/\/kastela.hr\/en\/2019\/11\/13\/sazvana-18-sjednica-gradskog-vijeca-2\/","title":{"rendered":"Sazvana 18. sjednica Gradskog vije\u0107a"},"content":{"rendered":"<p>Predsjednik Gradskog vije\u0107a Ivan Udovi\u010di\u0107 sazvao je 18. sjednicu Gradskog vije\u0107a Grada Ka\u0161tela za dan 20. studenog (srijeda) 2019. g. u 11,00 sati u Gradskoj vije\u0107nici. Dnevni red se sastoji od 38 to\u010daka dnevnog reda<\/p>\n<div>\n<p>&nbsp; 1. Izvje\u0161\u0107e Mandatne komisije<\/p>\n<p>&nbsp;&nbsp;&nbsp;&nbsp;&nbsp; &#8211; Izvjestitelj: Mili Novak predsjednik Mandatne komisije<\/p>\n<p>&nbsp; 2. Usvajanje Zapisnika sa 17. sjednice Gradskog vije\u0107a<\/p>\n<p>&nbsp; 3. Vije\u0107ni\u010dka pitanja i prijedlozi<\/p>\n<p>&nbsp; 4. Prijedlog odluke o provo\u0111enju postupka stavljanja izvan snage detaljnog plana ure\u0111enja Turisti\u010dke zone \u0160talija<\/p>\n<p>&nbsp;&nbsp;&nbsp; &nbsp;&nbsp;&#8211; Izvjestitelj: Boris \u0160kara, pro\u010delnik Upravnog odjela za prostorno ure\u0111enje, gradnju i za\u0161titu okoli\u0161a<\/p>\n<p>&nbsp; 5. Prijedlog odluke o visini pau\u0161alnog poreza po krevetu odnosno po smje\u0161tajnoj jedinici u kampu<\/p>\n<p>&nbsp;&nbsp;6. Prijedlog prora\u010duna Grada Ka\u0161tela za 2020. g.&nbsp; i projekcije za 2021. i 2022. godinu<\/p>\n<p>&nbsp; 7. Prijedlog odluke o izvr\u0161avanju Prora\u010duna Grada Ka\u0161tela za 2020. godinu<\/p>\n<p>&nbsp;&nbsp;&nbsp;&nbsp;&nbsp; &#8211; Izvjestiteljica t 5. do t. 7. : Matija Marija \u0110iki\u0107, pro\u010delnica Upravnog odjela za prora\u010dun, financije i&nbsp;javnu nabavu<\/p>\n<p>&nbsp; 8. Prijedlog programa gradnje objekata i ure\u0111aja komunalne infrastrukture u Gradu Ka\u0161tela za 2020.&nbsp;godinu<\/p>\n<p>&nbsp; 9. Prijedlog programa odr\u017eavanja komunalne infrastrukture u&nbsp; Gradu Ka\u0161tela za&nbsp; 2020. godinu<\/p>\n<p>&nbsp;&nbsp;&nbsp;&nbsp;&nbsp; &#8211; Izvjestiteljica t.8. i t.9. Marija Pelivan, pro\u010delnica Upravnog odjela za komunalno gospodarstvo&nbsp;i imovinsko&nbsp; pravne poslove<\/p>\n<p>10. Prijedlog programa javnih potreba u socijalnoj skrbi i zdravstvenoj za\u0161titi&nbsp; Grada Ka\u0161tela za 2020. godinu<\/p>\n<p>11. Prijedlog programa financiranja javnih potreba u pred\u0161kolskom odgoju Grada Ka\u0161tela za&nbsp; 2020. godinu<\/p>\n<p>12. Prijedlog plana mre\u017ee dje\u010djih vrti\u0107a na podru\u010dju Grada Ka\u0161tela<\/p>\n<p>13. Prijedlog programa financiranja javnih potreba u obrazovanju Grada Ka\u0161tela za 2020. godinu<\/p>\n<p>14. Prijedlog programa financiranja javnih potreba u \u0161portu Grada Ka\u0161tela za 2020. godinu<\/p>\n<p>15. Prijedlog&nbsp; programa financiranja javnih potreba u tehni\u010dkoj kulturi Grada Ka\u0161tela za 2020. godinu<\/p>\n<p>16. Prijedlog programa javnih potreba u kulturi Grada Ka\u0161tela za 2020. godinu<\/p>\n<p>17. Prijedlog programa financiranja javnih potreba udruga gra\u0111ana, institucija, ustanova i vjerskih zajednica&nbsp;Grada Ka\u0161tela za 2020. godinu<\/p>\n<p>18. Analiza stanja sustava civilne za\u0161tite na podru\u010dju Grada Ka\u0161tela u 2019. godini<\/p>\n<p>19. Prijedlog smjernica za organizaciju i razvoj sustava civilne za\u0161tite na podru\u010dju Grada Ka\u0161tela za 2020. i 2021. godinu<\/p>\n<p>20. Prijedlog plana razvoja sustava civilne za\u0161tite na podru\u010dju Grada Ka\u0161tela<\/p>\n<p>21. Prijedlog programa javnih potreba u protupo\u017earnoj i civilnoj za\u0161titi Grada Ka\u0161tela za 2020. godinu<\/p>\n<p>&nbsp;&nbsp;&nbsp;&nbsp; &#8211; Izvjestiteljica t. 10. do t. 21.: Sandra Zoki\u0107, pro\u010delnica Upravnog odjela za dru\u0161tvene djelatnosti i&nbsp;op\u0107e poslove<\/p>\n<p>22. Prijedlog programa kori\u0161tenja sredstava naknade za zadr\u017eavanje nezakonito izgra\u0111enih zgrada u prostoru&nbsp;na podru\u010dju Grada Ka\u0161tela<\/p>\n<p>&nbsp;&nbsp; &nbsp;&nbsp;&#8211; Izvjestitelj: Boris \u0160kara, pro\u010delnik Upravnog odjela za prostorno ure\u0111enje, gradnju i za\u0161titu okoli\u0161a<\/p>\n<p>23. Prijedlog odluke o jednokratnoj nov\u010danoj pomo\u0107i za roditelje i udovice poginulih branitelja&nbsp;Domovinskog rata povodom Bo\u017ei\u0107a<\/p>\n<p>24. Prijedlog odluke o jednokratnoj nov\u010danoj pomo\u0107i za umirovljenike i nezaposlene povodom Bo\u017ei\u0107a<\/p>\n<p>&nbsp;&nbsp;&nbsp;&nbsp; &#8211; Izvjestiteljica t. 23. i t. 24. : Sandra Zoki\u0107, pro\u010delnica Upravnog odjela za dru\u0161tvene djelatnosti i&nbsp;op\u0107e poslove<\/p>\n<p>25. Prijedlog odluke o na\u010dinu financiranja predstavnika bo\u0161nja\u010dke nacionalne manjine za 2020. godinu<\/p>\n<p>&nbsp;&nbsp;&nbsp;&nbsp;&nbsp; &#8211; Izvjestiteljica Sanda Jakus, pro\u010delnica Upravnog odjela za poslove Gradona\u010delnika i Gradskog vije\u0107a<\/p>\n<p>26. Prijedlog odluke o davanju odobrenja na Program rada Savjeta mladih sa financijskim planom za 2020. godinu<\/p>\n<\/div>\n<p>&nbsp;&nbsp;&nbsp;&nbsp; &#8211; Izvjestiteljica: Andrea Bara\u0107, predsjednica Savjeta mladih<\/p>\n<p>27. Izvje\u0161\u0107e o radu Gradona\u010delnika za razdoblje sije\u010danj &ndash; lipanj 2019. godine.<\/p>\n<div>\n<p>&nbsp;&nbsp;&nbsp; &#8211; Izvjestitelj: Denis Ivanovi\u0107, gradona\u010delnik<\/p>\n<p>28. Prijedlog odluke o dopuni Odluke o koeficijentima za obra\u010dun pla\u0107e slu\u017ebenika i namje\u0161tenika<\/p>\n<p>&nbsp;&nbsp;&nbsp;&nbsp;&nbsp; &#8211; Izvjestiteljica Sanda Jakus, pro\u010delnica Upravnog odjela za poslove Gradona\u010delnika i Gradskog vije\u0107a<\/p>\n<p>29. Prijedlog odluke o privremenoj zabrani izvo\u0111enja radova u 2020. godini<\/p>\n<p>30. Prijedlog odluke o raspisivanju javnog natje\u010daja za zakup poljoprivrednog zemlji\u0161ta u vlasni\u0161tvu<\/p>\n<p>&nbsp; &nbsp;&nbsp;&nbsp;&nbsp;Republike Hrvatske na podru\u010dju Grada Ka\u0161tela<\/p>\n<p>31. Prijedlog odluke o imenovanju Povjerenstva za zakup i prodaju poljoprivrednog zemlji\u0161ta u vlasni\u0161tvu Republike Hrvatske<\/p>\n<p>32. Prijedlog odluke o imenovanju Povjerenstva za uvo\u0111enje u posjed poljoprivrednog zemlji\u0161ta u vlasni\u0161tvu Republike Hrvatske<\/p>\n<p>33. Prijedlog &nbsp;plana davanja koncesija u 2020. godini<\/p>\n<p>34. Prijedlog srednjoro\u010dnog plana (trogodi\u0161njeg) plana davanja koncesija za razdoblje od 2020. do 2022. godine<\/p>\n<p>&nbsp;&nbsp;&nbsp;&nbsp;&nbsp; &#8211; Izvjestiteljica t. 29. do t. 34.: Marija Pelivan, pro\u010delnica Upravnog odjela za komunalno gospodarstvo&nbsp;i imovinsko&nbsp; pravne poslove<\/p>\n<\/div>\n<p>35. Prijedlog odluke o izmjenama Odluke o osnivanju javne ustanove Gradska knji\u017enica Ka\u0161tela<\/p>\n<div>\n<p>36. Prijedlog zaklju\u010dka o davanju suglasnosti na Statut Gradske knji\u017enice Ka\u0161tela<\/p>\n<p>&nbsp;&nbsp;&nbsp;&nbsp; &#8211; Izvjestiteljica t. 35. i t. 36.: Sandra Zoki\u0107, pro\u010delnica Upravnog odjela za dru\u0161tvene djelatnosti i op\u0107e poslove<\/p>\n<p>37. Prijedlog odluke o kupovini dijela \u010dest. zem 763\/2 &nbsp;u k.o. Ka\u0161tel Luk\u0161i\u0107<\/p>\n<p>38. Prijedlog odluke o dono\u0161enju Plana djelovanja u podru\u010dju prirodnih nepogoda za 2020. godinu<\/p>\n<p>&nbsp;&nbsp;&nbsp;&nbsp;&nbsp;<strong>Materijale i poziv na 18. sjednicu Gradskog vije\u0107a mo\u017eete preuzeti&nbsp;linku ispod teksta<\/strong><\/p>\n<\/div>\n<p>&nbsp;<\/p>\n<p>&nbsp;<\/p>\n","protected":false},"excerpt":{"rendered":"<p>Predsjednik Gradskog vije\u0107a Ivan Udovi\u010di\u0107 sazvao je 18. sjednicu Gradskog vije\u0107a Grada Ka\u0161tela za dan 20. studenog (srijeda) 2019. g. [&hellip;]<\/p>\n","protected":false},"author":7,"featured_media":5583,"comment_status":"closed","ping_status":"open","sticky":false,"template":"","format":"standard","meta":{"_acf_changed":false,"footnotes":""},"categories":[1],"tags":[],"class_list":["post-5582","post","type-post","status-publish","format-standard","has-post-thumbnail","hentry","category-novosti"],"acf":[],"_links":{"self":[{"href":"https:\/\/kastela.hr\/en\/wp-json\/wp\/v2\/posts\/5582","targetHints":{"allow":["GET"]}}],"collection":[{"href":"https:\/\/kastela.hr\/en\/wp-json\/wp\/v2\/posts"}],"about":[{"href":"https:\/\/kastela.hr\/en\/wp-json\/wp\/v2\/types\/post"}],"author":[{"embeddable":true,"href":"https:\/\/kastela.hr\/en\/wp-json\/wp\/v2\/users\/7"}],"replies":[{"embeddable":true,"href":"https:\/\/kastela.hr\/en\/wp-json\/wp\/v2\/comments?post=5582"}],"version-history":[{"count":2,"href":"https:\/\/kastela.hr\/en\/wp-json\/wp\/v2\/posts\/5582\/revisions"}],"predecessor-version":[{"id":14314,"href":"https:\/\/kastela.hr\/en\/wp-json\/wp\/v2\/posts\/5582\/revisions\/14314"}],"wp:featuredmedia":[{"embeddable":true,"href":"https:\/\/kastela.hr\/en\/wp-json\/wp\/v2\/media\/5583"}],"wp:attachment":[{"href":"https:\/\/kastela.hr\/en\/wp-json\/wp\/v2\/media?parent=5582"}],"wp:term":[{"taxonomy":"category","embeddable":true,"href":"https:\/\/kastela.hr\/en\/wp-json\/wp\/v2\/categories?post=5582"},{"taxonomy":"post_tag","embeddable":true,"href":"https:\/\/kastela.hr\/en\/wp-json\/wp\/v2\/tags?post=5582"}],"curies":[{"name":"wp","href":"https:\/\/api.w.org\/{rel}","templated":true}]}}