{"id":5570,"date":"2019-11-14T06:06:00","date_gmt":"2019-11-14T05:06:00","guid":{"rendered":"https:\/\/kastela.hr\/en\/2019\/11\/14\/prijem-za-luku-zuljevica-viceprvaka-svijeta-u-kickboxingu\/"},"modified":"2024-08-29T10:48:10","modified_gmt":"2024-08-29T08:48:10","slug":"prijem-za-luku-zuljevica-viceprvaka-svijeta-u-kickboxingu","status":"publish","type":"post","link":"https:\/\/kastela.hr\/en\/2019\/11\/14\/prijem-za-luku-zuljevica-viceprvaka-svijeta-u-kickboxingu\/","title":{"rendered":"Prijem za Luku \u017duljevi\u0107a, viceprvaka svijeta u kickboxingu"},"content":{"rendered":"<p>U Sarajevu je odr\u017eano WAKO svjetsko prvenstvo u kickboxingu u disciplinama K-1, low kick i kick light. Hrvatska reprezentacija osvojila je tre\u0107e mjesto u ukupnom poretku s osvojene tri zlatne, pet srebrnih i \u010detiri bron\u010dane medalje. Me\u0111u petero finalista koji su na kraju osvojili srebro bio je i \u010dlan Kickboxing kluba &bdquo;Uni-Rent&ldquo; Ka\u0161tela Luka \u017duljevi\u0107. Tim povodom predstavnici Grada Ka\u0161tela organizirali su prijem za ovog mladog uspje\u0161noj sporta\u0161a i \u010destitali mu na osvojenoj medalji.<\/p>\n<p>&#8211; Ponosni smo \u0161to u Ka\u0161telima ima veliki broj sjajnih sporta\u0161a iz razli\u010ditih sportova koji diljem svijeta veli\u010daju ime na\u0161ega grada. Zato velikim financijskim iznosima poma\u017eemo rad sportskih klubova, ali i sporta\u0161e pojedina\u010dno. \u010clanovi ovog kickboxing kluba nalazili su se u prostoru koji je godinama bio prazan, pa smo im odlu\u010dili pomo\u0107i, tako da je Grad u posljednje dvije godine ulo\u017eio oko 100 000 kn u ure\u0111enje prostora kako bi na\u0161i mladi imali odgovaraju\u0107e uvjete za trening &ndash; kazao je gradona\u010delnik Denis Ivanovi\u0107, a \u010destitkama se pridru\u017eila i zamjenica gradona\u010delnika Jadranka Matok Bosan\u010di\u0107.<\/p>\n<p>&#8211; Zahvaljujem na \u010destitkama, cijelo ljeto sam naporno trenirao kako bi do\u0161ao do ovog rezultata. Nakon nekoliko osvojenih dr\u017eavnih prvenstava, svjetskih kupova, europskog prvenstva pro\u0161le godine, sada sam postao i viceprvak svijeta, a nakon obrane diplomskog rada nastavljam dalje s treninzima i natjecanjima &ndash; kazao je Luka \u017duljevi\u0107 kojemu je gradona\u010delnik uru\u010dio bon u iznosu od 5 000 kuna zbog ovog velikog rezultata.<\/p>\n","protected":false},"excerpt":{"rendered":"<p>U Sarajevu je odr\u017eano WAKO svjetsko prvenstvo u kickboxingu u disciplinama K-1, low kick i kick light. Hrvatska reprezentacija osvojila [&hellip;]<\/p>\n","protected":false},"author":7,"featured_media":5571,"comment_status":"closed","ping_status":"open","sticky":false,"template":"","format":"standard","meta":{"_acf_changed":false,"footnotes":""},"categories":[1],"tags":[],"class_list":["post-5570","post","type-post","status-publish","format-standard","has-post-thumbnail","hentry","category-novosti"],"acf":[],"_links":{"self":[{"href":"https:\/\/kastela.hr\/en\/wp-json\/wp\/v2\/posts\/5570","targetHints":{"allow":["GET"]}}],"collection":[{"href":"https:\/\/kastela.hr\/en\/wp-json\/wp\/v2\/posts"}],"about":[{"href":"https:\/\/kastela.hr\/en\/wp-json\/wp\/v2\/types\/post"}],"author":[{"embeddable":true,"href":"https:\/\/kastela.hr\/en\/wp-json\/wp\/v2\/users\/7"}],"replies":[{"embeddable":true,"href":"https:\/\/kastela.hr\/en\/wp-json\/wp\/v2\/comments?post=5570"}],"version-history":[{"count":1,"href":"https:\/\/kastela.hr\/en\/wp-json\/wp\/v2\/posts\/5570\/revisions"}],"predecessor-version":[{"id":7131,"href":"https:\/\/kastela.hr\/en\/wp-json\/wp\/v2\/posts\/5570\/revisions\/7131"}],"wp:featuredmedia":[{"embeddable":true,"href":"https:\/\/kastela.hr\/en\/wp-json\/wp\/v2\/media\/5571"}],"wp:attachment":[{"href":"https:\/\/kastela.hr\/en\/wp-json\/wp\/v2\/media?parent=5570"}],"wp:term":[{"taxonomy":"category","embeddable":true,"href":"https:\/\/kastela.hr\/en\/wp-json\/wp\/v2\/categories?post=5570"},{"taxonomy":"post_tag","embeddable":true,"href":"https:\/\/kastela.hr\/en\/wp-json\/wp\/v2\/tags?post=5570"}],"curies":[{"name":"wp","href":"https:\/\/api.w.org\/{rel}","templated":true}]}}