{"id":5567,"date":"2019-11-15T09:36:00","date_gmt":"2019-11-15T08:36:00","guid":{"rendered":"https:\/\/kastela.hr\/en\/2019\/11\/15\/izlozba-petra-jakelica-u-muzeju-grada-kastela\/"},"modified":"2024-08-29T10:48:10","modified_gmt":"2024-08-29T08:48:10","slug":"izlozba-petra-jakelica-u-muzeju-grada-kastela","status":"publish","type":"post","link":"https:\/\/kastela.hr\/en\/2019\/11\/15\/izlozba-petra-jakelica-u-muzeju-grada-kastela\/","title":{"rendered":"Izlo\u017eba Petra Jakeli\u0107a u Muzeju grada Ka\u0161tela"},"content":{"rendered":"<p>U izlo\u017ebenom prostoru dvorca Vitturi u Ka\u0161tel Luk\u0161i\u0107u ve\u010deras s po\u010detkom u 19:30 sati bit \u0107e otvorena izlo\u017eba slikara i grafi\u010dara &nbsp;Petra Jakeli\u0107a koja \u0107e predstaviti radove malog formata nastale od 1961. do 2018. godine.<\/p>\n<p>Slikarstvo Petra Jakeli\u0107a od samog je po\u010detka&nbsp; suglasje neonadrealisti\u010dkih strujanja, s kojima se susreo za vrijeme studija&nbsp; krajem pedesetih i po\u010detkom \u0161ezdesetih godina,&nbsp; i klasi\u010dnog, lirskog realizma i simbolizma. To pokazuju i dosad neizlagani mali formati,&nbsp; nastali od 1961. do 2018. Ove male slike nastale u pedesetsedmogodi\u0161njem rasponu&nbsp; privilegij su i zanimljivost.&nbsp; Za izlo\u017ebu je odabrano sedamdeset \u0161est radova&nbsp; ra\u0111enih su u razli\u010ditim tehnikama, u kojima \u0107emo prepoznati&nbsp; vrsnog crta\u010da, grafi\u010dara i slikara s jasnom pozorno\u0161\u0107u prema m\u00e9tijeru.&nbsp;&nbsp; Tematske podloge i motiviku desetlje\u0107ima&nbsp; crpi iz imaginarnog&nbsp; i simboli\u010dnog svijeta odrastanja&nbsp; u Prugovu u Dalmatinskoj zagori,&nbsp; mediteranske kulture i klasi\u010dne mitologije. U Jakeli\u0107evim fantazmagori\u010dnim&nbsp;&nbsp; prikazima \u010desto mo\u017eemo prepoznati&nbsp; geografske i simboli\u010dne &quot;sudare&quot;&nbsp; surove i tajanstvene&nbsp; Zagore i razigranog i obe\u0107avaju\u0107eg Mediterana.&nbsp; Osim u motivici, u kojoj&nbsp; \u010desto spaja folklornu ikonografiju&nbsp; i mitologiju, simboliku izra\u017eava&nbsp; i bogatom kromatikom.&nbsp;<\/p>\n<p>Izlo\u017ebu organizira Muzej grada Ka\u0161tela, a pratit \u0107e je katalog s reprodukcijama izlo\u017eenih djela te tekstom&nbsp; autorice izlo\u017ebe, muzejske savjetnice Mirele Vujevi\u0107 Duvnjak.<\/p>\n<p>&nbsp;<\/p>\n","protected":false},"excerpt":{"rendered":"<p>U izlo\u017ebenom prostoru dvorca Vitturi u Ka\u0161tel Luk\u0161i\u0107u ve\u010deras s po\u010detkom u 19:30 sati bit \u0107e otvorena izlo\u017eba slikara i [&hellip;]<\/p>\n","protected":false},"author":7,"featured_media":5568,"comment_status":"closed","ping_status":"open","sticky":false,"template":"","format":"standard","meta":{"_acf_changed":false,"footnotes":""},"categories":[1],"tags":[],"class_list":["post-5567","post","type-post","status-publish","format-standard","has-post-thumbnail","hentry","category-novosti"],"acf":[],"_links":{"self":[{"href":"https:\/\/kastela.hr\/en\/wp-json\/wp\/v2\/posts\/5567","targetHints":{"allow":["GET"]}}],"collection":[{"href":"https:\/\/kastela.hr\/en\/wp-json\/wp\/v2\/posts"}],"about":[{"href":"https:\/\/kastela.hr\/en\/wp-json\/wp\/v2\/types\/post"}],"author":[{"embeddable":true,"href":"https:\/\/kastela.hr\/en\/wp-json\/wp\/v2\/users\/7"}],"replies":[{"embeddable":true,"href":"https:\/\/kastela.hr\/en\/wp-json\/wp\/v2\/comments?post=5567"}],"version-history":[{"count":1,"href":"https:\/\/kastela.hr\/en\/wp-json\/wp\/v2\/posts\/5567\/revisions"}],"predecessor-version":[{"id":7130,"href":"https:\/\/kastela.hr\/en\/wp-json\/wp\/v2\/posts\/5567\/revisions\/7130"}],"wp:featuredmedia":[{"embeddable":true,"href":"https:\/\/kastela.hr\/en\/wp-json\/wp\/v2\/media\/5568"}],"wp:attachment":[{"href":"https:\/\/kastela.hr\/en\/wp-json\/wp\/v2\/media?parent=5567"}],"wp:term":[{"taxonomy":"category","embeddable":true,"href":"https:\/\/kastela.hr\/en\/wp-json\/wp\/v2\/categories?post=5567"},{"taxonomy":"post_tag","embeddable":true,"href":"https:\/\/kastela.hr\/en\/wp-json\/wp\/v2\/tags?post=5567"}],"curies":[{"name":"wp","href":"https:\/\/api.w.org\/{rel}","templated":true}]}}