{"id":5564,"date":"2019-11-15T11:19:00","date_gmt":"2019-11-15T10:19:00","guid":{"rendered":"https:\/\/kastela.hr\/en\/2019\/11\/15\/dan-sjecanja-na-zrtvu-vukovara\/"},"modified":"2024-08-29T10:48:10","modified_gmt":"2024-08-29T08:48:10","slug":"dan-sjecanja-na-zrtvu-vukovara","status":"publish","type":"post","link":"https:\/\/kastela.hr\/en\/2019\/11\/15\/dan-sjecanja-na-zrtvu-vukovara\/","title":{"rendered":"Dan sje\u0107anja na \u017ertvu Vukovara"},"content":{"rendered":"<p>Hrvatski sabor donio je 29. listopada 1999. Odluku o progla\u0161enju dana sje\u0107anja na \u017ertvu Vukovara 1991. godine, kako bi se dostojanstveno i primjereno odala po\u010dast svim sudionicima obrane Vukovara, grada &ndash; simbola hrvatske slobode.<\/p>\n<p>Republika Hrvatska tako svake godine 18. studenog obilje\u017eava&nbsp;Dan sje\u0107anja na \u017ertvu Vukovara, \u017ertvu koju je podnio grad heroj i svojim padom omogu\u0107io stvaranje temelja za obranu Hrvatske. Diljem Hrvatske, u gradovima i Vukovarskim ulicama bit \u0107e odana po\u010dast svima koji su izgubili \u017eivot brane\u0107i Vukovar i obiteljima svih stradalih.<\/p>\n<p>Svi gra\u0111ani su pozvani da odaju po\u010dast \u017ertvi Vukovara u <b>nedjelju (17.studenog)<\/b> paljenjem svije\u0107a u Vukovarskoj ulici u Ka\u0161tel Starom s po\u010detkom u <b>18 sati<\/b>.<\/p>\n<p>U Ka\u0161tel Su\u0107urcu, tako\u0111er \u0107e se mo\u0107i zapaliti svije\u0107e u ulici Vukovarskih heroja u ponedjeljak (<b>18. studenog)<\/b> nakon mise u crkvi sv. Jurja mu\u010denika koja po\u010dinje u <b>18 sati<\/b>.<\/p>\n","protected":false},"excerpt":{"rendered":"<p>Hrvatski sabor donio je 29. listopada 1999. Odluku o progla\u0161enju dana sje\u0107anja na \u017ertvu Vukovara 1991. godine, kako bi se [&hellip;]<\/p>\n","protected":false},"author":7,"featured_media":5565,"comment_status":"closed","ping_status":"open","sticky":false,"template":"","format":"standard","meta":{"_acf_changed":false,"footnotes":""},"categories":[1],"tags":[],"class_list":["post-5564","post","type-post","status-publish","format-standard","has-post-thumbnail","hentry","category-novosti"],"acf":[],"_links":{"self":[{"href":"https:\/\/kastela.hr\/en\/wp-json\/wp\/v2\/posts\/5564","targetHints":{"allow":["GET"]}}],"collection":[{"href":"https:\/\/kastela.hr\/en\/wp-json\/wp\/v2\/posts"}],"about":[{"href":"https:\/\/kastela.hr\/en\/wp-json\/wp\/v2\/types\/post"}],"author":[{"embeddable":true,"href":"https:\/\/kastela.hr\/en\/wp-json\/wp\/v2\/users\/7"}],"replies":[{"embeddable":true,"href":"https:\/\/kastela.hr\/en\/wp-json\/wp\/v2\/comments?post=5564"}],"version-history":[{"count":1,"href":"https:\/\/kastela.hr\/en\/wp-json\/wp\/v2\/posts\/5564\/revisions"}],"predecessor-version":[{"id":7129,"href":"https:\/\/kastela.hr\/en\/wp-json\/wp\/v2\/posts\/5564\/revisions\/7129"}],"wp:featuredmedia":[{"embeddable":true,"href":"https:\/\/kastela.hr\/en\/wp-json\/wp\/v2\/media\/5565"}],"wp:attachment":[{"href":"https:\/\/kastela.hr\/en\/wp-json\/wp\/v2\/media?parent=5564"}],"wp:term":[{"taxonomy":"category","embeddable":true,"href":"https:\/\/kastela.hr\/en\/wp-json\/wp\/v2\/categories?post=5564"},{"taxonomy":"post_tag","embeddable":true,"href":"https:\/\/kastela.hr\/en\/wp-json\/wp\/v2\/tags?post=5564"}],"curies":[{"name":"wp","href":"https:\/\/api.w.org\/{rel}","templated":true}]}}