{"id":5561,"date":"2019-11-18T06:31:00","date_gmt":"2019-11-18T05:31:00","guid":{"rendered":"https:\/\/kastela.hr\/en\/2019\/11\/18\/kastela-dobila-jos-jedno-priznanje-na-interstas-u-2019\/"},"modified":"2024-08-29T10:48:10","modified_gmt":"2024-08-29T08:48:10","slug":"kastela-dobila-jos-jedno-priznanje-na-interstas-u-2019","status":"publish","type":"post","link":"https:\/\/kastela.hr\/en\/2019\/11\/18\/kastela-dobila-jos-jedno-priznanje-na-interstas-u-2019\/","title":{"rendered":"Ka\u0161tela dobila jo\u0161 jedno priznanje na INTERSTAS-u 2019."},"content":{"rendered":"<p>Me\u0111unarodna smotra turizma, filma i krajobraza INTERSTAS 2019 odr\u017eana je ovog tjedna u Solinu, a kao i pro\u0161le godine donijela je razloga za zadovoljstvo i Turisti\u010dkoj zajednici grada Ka\u0161tela i Gradu Ka\u0161tela.<\/p>\n<p>Prema odluci direktorija INTERSTAS-a, Ka\u0161telima je dodijeljen certifikat KEA-CRO 2019, kojim se ovaj grad progla\u0161ava&nbsp; hrvatskim finalistom, odnosno&nbsp; hrvatskim predstavnikom &nbsp;na cvjetno -krajobraznom natjecanju Me\u0111unarodni zlatni cvijet, koje \u0107e se provoditi tijekom sljede\u0107e godine sa zavr\u0161nom manifestacijom u mjesecu rujnu.<br \/>\nCertifikat su na sve\u010danosti primile dogradona\u010delnica Jadranka Matok Bosan\u010di\u0107 te direktorica Turisti\u010dke zajednice Nada Mar\u0161i\u0107.<\/p>\n<p>Osim certifikata u Ka\u0161tela je stigla i nagrada u natjecanju turisti\u010dkih filmova, a \u017eiri ovog festivala turizma, dodijelio je nagradu na podru\u010dju re\u017eije u kategoriji kratkih turisti\u010dkih filmova, filmu &bdquo;Ka\u0161tela &#8211;&nbsp; Seven reasons to visit&ldquo;, redateljice Anteje Ratkovi\u0107.<br \/>\nNagrada je autorici dodijeljena na prigodnoj sve\u010danosti u solinskom hotelu President, a uz redateljicu uru\u010divanju nagrade nazo\u010dili su i producent Marko Kapitanovi\u0107 &nbsp;te Laura Vejnovi\u0107 i Tin Brezove\u010dki, koji su utjelovili Miljenka i Dobrilu.<\/p>\n<p>Ina\u010de, na ovogodi\u0161nji INTERSTAS pristiglo je 325 turisti\u010dko-promid\u017ebenih filmova iz 87 zemalja. Filmovi sa solinskog festivala idu\u0107e godine bit \u0107e prikazani u 27 zemalja \u010dlanica Federacije festivala turisti\u010dkog filma, \u0161to \u0107e biti zna\u010dajan doprinos promociji hrvatskog turizma, nagla\u0161eno je u Solinu.<\/p>\n<p>Tekst i foto: PGK<\/p>\n<p>&nbsp;<\/p>\n","protected":false},"excerpt":{"rendered":"<p>Me\u0111unarodna smotra turizma, filma i krajobraza INTERSTAS 2019 odr\u017eana je ovog tjedna u Solinu, a kao i pro\u0161le godine donijela [&hellip;]<\/p>\n","protected":false},"author":7,"featured_media":5562,"comment_status":"closed","ping_status":"open","sticky":false,"template":"","format":"standard","meta":{"_acf_changed":false,"footnotes":""},"categories":[1],"tags":[],"class_list":["post-5561","post","type-post","status-publish","format-standard","has-post-thumbnail","hentry","category-novosti"],"acf":[],"_links":{"self":[{"href":"https:\/\/kastela.hr\/en\/wp-json\/wp\/v2\/posts\/5561","targetHints":{"allow":["GET"]}}],"collection":[{"href":"https:\/\/kastela.hr\/en\/wp-json\/wp\/v2\/posts"}],"about":[{"href":"https:\/\/kastela.hr\/en\/wp-json\/wp\/v2\/types\/post"}],"author":[{"embeddable":true,"href":"https:\/\/kastela.hr\/en\/wp-json\/wp\/v2\/users\/7"}],"replies":[{"embeddable":true,"href":"https:\/\/kastela.hr\/en\/wp-json\/wp\/v2\/comments?post=5561"}],"version-history":[{"count":1,"href":"https:\/\/kastela.hr\/en\/wp-json\/wp\/v2\/posts\/5561\/revisions"}],"predecessor-version":[{"id":7128,"href":"https:\/\/kastela.hr\/en\/wp-json\/wp\/v2\/posts\/5561\/revisions\/7128"}],"wp:featuredmedia":[{"embeddable":true,"href":"https:\/\/kastela.hr\/en\/wp-json\/wp\/v2\/media\/5562"}],"wp:attachment":[{"href":"https:\/\/kastela.hr\/en\/wp-json\/wp\/v2\/media?parent=5561"}],"wp:term":[{"taxonomy":"category","embeddable":true,"href":"https:\/\/kastela.hr\/en\/wp-json\/wp\/v2\/categories?post=5561"},{"taxonomy":"post_tag","embeddable":true,"href":"https:\/\/kastela.hr\/en\/wp-json\/wp\/v2\/tags?post=5561"}],"curies":[{"name":"wp","href":"https:\/\/api.w.org\/{rel}","templated":true}]}}