{"id":5553,"date":"2019-11-18T07:56:00","date_gmt":"2019-11-18T06:56:00","guid":{"rendered":"https:\/\/kastela.hr\/en\/2019\/11\/18\/kastelani-se-prisjecaju-pada-vukovara\/"},"modified":"2024-08-29T10:48:10","modified_gmt":"2024-08-29T08:48:10","slug":"kastelani-se-prisjecaju-pada-vukovara","status":"publish","type":"post","link":"https:\/\/kastela.hr\/en\/2019\/11\/18\/kastelani-se-prisjecaju-pada-vukovara\/","title":{"rendered":"Ka\u0161telani se prisje\u0107aju pada Vukovara"},"content":{"rendered":"<p>Tijekom 87 dana opsade Vukovara te nakon njegovog pada, vi\u0161e tisu\u0107a osoba su poginule, ranjene ili zato\u010dene u logorima, vojnici i civili, a me\u0111u njima i veliki broj djece. \u017drtve su to najtragi\u010dnije bitke u Domovinskom ratu i novijoj hrvatskoj povijesti, kojih se svake godine, 18. studenog, prisjeti cijela Hrvatska,&nbsp; a diljem nje gra\u0111ani se mole i pale svije\u0107e u spomen na svaku od tih \u017ertava.<\/p>\n<p>Godinama svije\u0107e u Vukovarskoj ulici u Ka\u0161tel Starom zapale i gra\u0111ani Ka\u0161tela te predstavnici gradske vlasti, s posebnim pijetetom prema \u017ertvama. Tako je bilo i ove nedjelje, kada ni ki\u0161a nije sprije\u010dila prisje\u0107anje na branitelje i civilne \u017ertve Vukovara. Uz gra\u0111ane svije\u0107e su upalili i gradona\u010delnik Denis Ivanovi\u0107 te dogradona\u010delnik Grgica Benuti\u0107, predsjednik Gradskog vije\u0107a Ivan Udovi\u010di\u0107 te pojedini vije\u0107nici, predstavnici braniteljskih udruga, me\u0111u njima \u010dlanovi Hvidre i Stine pradidove, predstavnici pojedinih politi\u010dkih stranaka i drugi.<\/p>\n<p>Dio Ka\u0161telana i ove je godine otputovao u Vukovar, kako bi bili dio tamo\u0161nje Kolone sje\u0107anja i sudjelovali u programu obilje\u017eavanja ovog dana.<\/p>\n<p>Danas \u0107e svije\u0107e za \u017ertve Vukovara upaliti i u\u010denici u ka\u0161telanskim osnovnim \u0161kolama. U Ka\u0161tel Su\u0107urcu u 18 sati odr\u017eat \u0107e se sveta misa, a nakon nje uslijedit \u0107e zajedni\u010dko paljenje svije\u0107a u ulici Vukovarskih heroja.<\/p>\n<p>Tekst i foto: PGK<\/p>\n","protected":false},"excerpt":{"rendered":"<p>Tijekom 87 dana opsade Vukovara te nakon njegovog pada, vi\u0161e tisu\u0107a osoba su poginule, ranjene ili zato\u010dene u logorima, vojnici [&hellip;]<\/p>\n","protected":false},"author":7,"featured_media":5554,"comment_status":"closed","ping_status":"open","sticky":false,"template":"","format":"standard","meta":{"_acf_changed":false,"footnotes":""},"categories":[1],"tags":[],"class_list":["post-5553","post","type-post","status-publish","format-standard","has-post-thumbnail","hentry","category-novosti"],"acf":[],"_links":{"self":[{"href":"https:\/\/kastela.hr\/en\/wp-json\/wp\/v2\/posts\/5553","targetHints":{"allow":["GET"]}}],"collection":[{"href":"https:\/\/kastela.hr\/en\/wp-json\/wp\/v2\/posts"}],"about":[{"href":"https:\/\/kastela.hr\/en\/wp-json\/wp\/v2\/types\/post"}],"author":[{"embeddable":true,"href":"https:\/\/kastela.hr\/en\/wp-json\/wp\/v2\/users\/7"}],"replies":[{"embeddable":true,"href":"https:\/\/kastela.hr\/en\/wp-json\/wp\/v2\/comments?post=5553"}],"version-history":[{"count":1,"href":"https:\/\/kastela.hr\/en\/wp-json\/wp\/v2\/posts\/5553\/revisions"}],"predecessor-version":[{"id":7127,"href":"https:\/\/kastela.hr\/en\/wp-json\/wp\/v2\/posts\/5553\/revisions\/7127"}],"wp:featuredmedia":[{"embeddable":true,"href":"https:\/\/kastela.hr\/en\/wp-json\/wp\/v2\/media\/5554"}],"wp:attachment":[{"href":"https:\/\/kastela.hr\/en\/wp-json\/wp\/v2\/media?parent=5553"}],"wp:term":[{"taxonomy":"category","embeddable":true,"href":"https:\/\/kastela.hr\/en\/wp-json\/wp\/v2\/categories?post=5553"},{"taxonomy":"post_tag","embeddable":true,"href":"https:\/\/kastela.hr\/en\/wp-json\/wp\/v2\/tags?post=5553"}],"curies":[{"name":"wp","href":"https:\/\/api.w.org\/{rel}","templated":true}]}}