{"id":5541,"date":"2019-11-19T05:36:00","date_gmt":"2019-11-19T04:36:00","guid":{"rendered":"https:\/\/kastela.hr\/en\/2019\/11\/19\/predstavnici-grada-kastela-na-obiljezavanju-stradanja-skabrnje\/"},"modified":"2024-08-29T10:48:10","modified_gmt":"2024-08-29T08:48:10","slug":"predstavnici-grada-kastela-na-obiljezavanju-stradanja-skabrnje","status":"publish","type":"post","link":"https:\/\/kastela.hr\/en\/2019\/11\/19\/predstavnici-grada-kastela-na-obiljezavanju-stradanja-skabrnje\/","title":{"rendered":"Predstavnici Grada Ka\u0161tela na obilje\u017eavanju stradanja \u0160kabrnje"},"content":{"rendered":"<p>U ovogodi\u0161njoj koloni sje\u0107anja na stradanje \u0160kabrnje i obilje\u017eavanju 28 godina od stradanja stanovnika ovog mjesta u Ravnim kotarima, sudjelovalo je oko 15 tisu\u0107a ljudi, a me\u0111u njima i predstavnici Grada Ka\u0161tela i ka\u0161telanskih braniteljskih udruga.<\/p>\n<p>Kod Sredi\u0161njeg kri\u017ea u Spomen-obilje\u017eju za poginule u Domovinskom ratu na groblju sv. Luke, vijence i cvije\u0107e su polo\u017eili te upalili svije\u0107e predstavnici brojnih braniteljskih udruga, predstavnici Sabora, Vlade, Ministarstva obrane, Ministarstva branitelja i Oru\u017eanih snaga, ravnateljstva Policije i Ministarstva unutarnjih poslova, ministri Oleg Butkovi\u0107 i Ivan Malenica i ostali.<br \/>\nU \u0160kabrnju je ovog dana stiglo i 57 pripadnika 3. mehanizirane bojne Pauci te pripadnici 1. mehanizirane bojne Tigrovi, koji su stigli nakon tri dana hoda iz Knina.<\/p>\n<p>Izaslanstvo Grada Ka\u0161tela na obljetnici u \u0160kabrnji predvodila je zamjenica gradona\u010delnika Jadranka Matok Bosan\u010di\u0107, a pred Sredi\u0161njim kri\u017eem ovog su se dana poklonili i \u010dlanovi Udruge hrvatskih ratnih veterana Ka\u0161tela, ka\u0161telanske Hvidre, dragovolja\u010dko &ndash; braniteljske udruge Stina pradidova, obje ka\u0161telanske udruge roditelja poginulih branitelja, politi\u010dkih stranaka i drugi.<\/p>\n<p>Tekst: PGK<\/p>\n","protected":false},"excerpt":{"rendered":"<p>U ovogodi\u0161njoj koloni sje\u0107anja na stradanje \u0160kabrnje i obilje\u017eavanju 28 godina od stradanja stanovnika ovog mjesta u Ravnim kotarima, sudjelovalo [&hellip;]<\/p>\n","protected":false},"author":7,"featured_media":5542,"comment_status":"closed","ping_status":"open","sticky":false,"template":"","format":"standard","meta":{"_acf_changed":false,"footnotes":""},"categories":[1],"tags":[],"class_list":["post-5541","post","type-post","status-publish","format-standard","has-post-thumbnail","hentry","category-novosti"],"acf":[],"_links":{"self":[{"href":"https:\/\/kastela.hr\/en\/wp-json\/wp\/v2\/posts\/5541","targetHints":{"allow":["GET"]}}],"collection":[{"href":"https:\/\/kastela.hr\/en\/wp-json\/wp\/v2\/posts"}],"about":[{"href":"https:\/\/kastela.hr\/en\/wp-json\/wp\/v2\/types\/post"}],"author":[{"embeddable":true,"href":"https:\/\/kastela.hr\/en\/wp-json\/wp\/v2\/users\/7"}],"replies":[{"embeddable":true,"href":"https:\/\/kastela.hr\/en\/wp-json\/wp\/v2\/comments?post=5541"}],"version-history":[{"count":1,"href":"https:\/\/kastela.hr\/en\/wp-json\/wp\/v2\/posts\/5541\/revisions"}],"predecessor-version":[{"id":7125,"href":"https:\/\/kastela.hr\/en\/wp-json\/wp\/v2\/posts\/5541\/revisions\/7125"}],"wp:featuredmedia":[{"embeddable":true,"href":"https:\/\/kastela.hr\/en\/wp-json\/wp\/v2\/media\/5542"}],"wp:attachment":[{"href":"https:\/\/kastela.hr\/en\/wp-json\/wp\/v2\/media?parent=5541"}],"wp:term":[{"taxonomy":"category","embeddable":true,"href":"https:\/\/kastela.hr\/en\/wp-json\/wp\/v2\/categories?post=5541"},{"taxonomy":"post_tag","embeddable":true,"href":"https:\/\/kastela.hr\/en\/wp-json\/wp\/v2\/tags?post=5541"}],"curies":[{"name":"wp","href":"https:\/\/api.w.org\/{rel}","templated":true}]}}