{"id":5538,"date":"2019-11-21T07:31:00","date_gmt":"2019-11-21T06:31:00","guid":{"rendered":"https:\/\/kastela.hr\/en\/2019\/11\/21\/video-odrzana-18-sjednica-gradskog-vijeca\/"},"modified":"2024-08-29T10:48:10","modified_gmt":"2024-08-29T08:48:10","slug":"video-odrzana-18-sjednica-gradskog-vijeca","status":"publish","type":"post","link":"https:\/\/kastela.hr\/en\/2019\/11\/21\/video-odrzana-18-sjednica-gradskog-vijeca\/","title":{"rendered":"VIDEO: Odr\u017eana 18. sjednica Gradskog vije\u0107a"},"content":{"rendered":"<p>Sjednica Gradskog vije\u0107a, 18. po redu u ovom sazivu, zapo\u010dela je prisegom vije\u0107nika Ante Komljena koji je u gradskom vije\u0107u zamijenio dosada\u0161njeg HSP-ovog vije\u0107nika \u017deljana Jurlina \u010diji je mandat stavljen u mirovanje.<\/p>\n<p>Uslijedilo je usvajanje zapisnika sa 17. sjednice, potom vije\u0107ni\u010dka pitanja, a zatim su, ve\u0107inom glasova, usvojene sve to\u010dke dnevnog reda.<\/p>\n<p>Usvojen je, izme\u0111u ostalog, prijedlog prora\u010duna za 2020. godinu, prema kojem \u0107e prihodi iznositi 202 milijuna, a rashodi 229 milijuna kuna, \u0161to je oko 17 posto vi\u0161e od plana za teku\u0107u godinu u prihodovnoj te 21,5 posto vi\u0161e na rashodovnoj strani.&nbsp;<\/p>\n<p>&#8211; Po prvi put imat \u0107emo prora\u010dun koji prelazi iznos od 200 milijuna kuna. Planova je mnogo, poput&nbsp;projektiranja&nbsp;obale sve do Ka\u0161tel Novog, izgradnje&nbsp;luke u Ka\u0161tel Starom, brojne ceste, jo\u0161 dje\u010djih igrali\u0161ta, kanalizacija i vodoopskrba, otkup zemlji\u0161ta za potrebe razvoja grada. Ovo su samo neki od projekata za koje su sredstva osigurana u ovom prora\u010dunu &ndash; kazao je gradona\u010delnik Denis Ivanovi\u0107 koji je vije\u0107nicima predstavio izvje\u0161\u0107e o svom radu od sije\u010dnja do lipnja 2019.<\/p>\n<p>Gradski vije\u0107nici podr\u017eali su podjelu poklon bonova umirovljenicima i nezaposlenima povodom Bo\u017ei\u0107a tako da \u0107e umirovljenici s mirovinama do 2.000 kuna primiti poklon bon u vrijednosti 200 kuna, oni s mirovinama od 2.001 do 3,000 kuna bon od 150 kuna, a za mirovine od 3.001 do 4.000&nbsp; kuna, dobit \u0107e bon u vrijednosti 100 kuna.<\/p>\n<p>Po prvi put ove godine Grad \u0107e podijeliti poklon bon od 150 kuna, nakon usvajanja gradona\u010delnikovog amandmana da se pravednije raspodjeli iznos predvi\u0111en za bo\u017ei\u0107nice. Bon od 200 kuna dobit \u0107e i svi nezaposleni, a roditeljima i udovicama poginulih branitelja bit \u0107e ispla\u0107eno po 500 kuna.<\/p>\n<p>&nbsp;<\/p>\n","protected":false},"excerpt":{"rendered":"<p>Sjednica Gradskog vije\u0107a, 18. po redu u ovom sazivu, zapo\u010dela je prisegom vije\u0107nika Ante Komljena koji je u gradskom vije\u0107u [&hellip;]<\/p>\n","protected":false},"author":7,"featured_media":5539,"comment_status":"closed","ping_status":"open","sticky":false,"template":"","format":"standard","meta":{"_acf_changed":false,"footnotes":""},"categories":[1],"tags":[],"class_list":["post-5538","post","type-post","status-publish","format-standard","has-post-thumbnail","hentry","category-novosti"],"acf":[],"_links":{"self":[{"href":"https:\/\/kastela.hr\/en\/wp-json\/wp\/v2\/posts\/5538","targetHints":{"allow":["GET"]}}],"collection":[{"href":"https:\/\/kastela.hr\/en\/wp-json\/wp\/v2\/posts"}],"about":[{"href":"https:\/\/kastela.hr\/en\/wp-json\/wp\/v2\/types\/post"}],"author":[{"embeddable":true,"href":"https:\/\/kastela.hr\/en\/wp-json\/wp\/v2\/users\/7"}],"replies":[{"embeddable":true,"href":"https:\/\/kastela.hr\/en\/wp-json\/wp\/v2\/comments?post=5538"}],"version-history":[{"count":1,"href":"https:\/\/kastela.hr\/en\/wp-json\/wp\/v2\/posts\/5538\/revisions"}],"predecessor-version":[{"id":7124,"href":"https:\/\/kastela.hr\/en\/wp-json\/wp\/v2\/posts\/5538\/revisions\/7124"}],"wp:featuredmedia":[{"embeddable":true,"href":"https:\/\/kastela.hr\/en\/wp-json\/wp\/v2\/media\/5539"}],"wp:attachment":[{"href":"https:\/\/kastela.hr\/en\/wp-json\/wp\/v2\/media?parent=5538"}],"wp:term":[{"taxonomy":"category","embeddable":true,"href":"https:\/\/kastela.hr\/en\/wp-json\/wp\/v2\/categories?post=5538"},{"taxonomy":"post_tag","embeddable":true,"href":"https:\/\/kastela.hr\/en\/wp-json\/wp\/v2\/tags?post=5538"}],"curies":[{"name":"wp","href":"https:\/\/api.w.org\/{rel}","templated":true}]}}