{"id":5527,"date":"2019-11-25T05:38:00","date_gmt":"2019-11-25T04:38:00","guid":{"rendered":"https:\/\/kastela.hr\/en\/2019\/11\/25\/javni-poziv-za-financiranje-programa-i-projekata-u-kulturi-od-javnog-interesa-za-grad-kastela-u-2020-godini\/"},"modified":"2024-08-29T10:48:10","modified_gmt":"2024-08-29T08:48:10","slug":"javni-poziv-za-financiranje-programa-i-projekata-u-kulturi-od-javnog-interesa-za-grad-kastela-u-2020-godini","status":"publish","type":"post","link":"https:\/\/kastela.hr\/en\/2019\/11\/25\/javni-poziv-za-financiranje-programa-i-projekata-u-kulturi-od-javnog-interesa-za-grad-kastela-u-2020-godini\/","title":{"rendered":"Javni poziv za financiranje programa i projekata u kulturi od javnog interesa za grad Ka\u0161tela u 2020. godini"},"content":{"rendered":"<p>Grad Ka\u0161tela objavljuje Javni poziv za financiranje programa i projekata u kulturi od javnog interesa za grad Ka\u0161tela u 2020. godinu. Predmet Javnog poziva je prikupljanje prijedloga programa i projekata u kulturi za 2020. godinu koji su od javnog interesa za grad Ka\u0161tela. U prora\u010dunu je planirano ukupno 2.050.000,00 kuna za sufinanciranje programa i projekata u kulturi grada Ka\u0161tela.<\/p>\n<p>Sukladno Pravilniku o financiranju javnih potreba Grada Ka\u0161tela, Programu javnih potreba u kulturi Grada Ka\u0161tela za 2020. godinu i Kriterijima za ocjenjivanje programa i projekata sufinancirat \u0107e se programi i projekti u sljede\u0107im djelatnostima: glazbena, glazbeno-scenska i plesna, kazali\u0161na, knji\u017eevno-nakladni\u010dka i knji\u017eni\u010darska, muzejsko-galerijska i likovna, filmska, manifestacije sa sadr\u017eajima koji spadaju u djelatnosti u kulturi, za\u0161tita i obnova kulturne i prirodne ba\u0161tine.<\/p>\n<p>Javni poziv je otvoren od 25. studenoga do 27. prosinca 2019. godine.<\/p>\n<p>Prijave se podnose isklju\u010divo na obrascima, koji su zajedno s Uputama za prijavitelje dostupni na mre\u017enim stranicama www.kastela.hr<\/p>\n<p>Natje\u010dajnu dokumentaciju potrebno je poslati po\u0161tom, preko dostavlja\u010da ili osobno u Pisarnicu na sljede\u0107u adresu: Grad Ka\u0161tela, Upravni odjel za dru\u0161tvene djelatnosti i op\u0107e poslove, Bra\u0107e Radi\u0107 1, Ka\u0161tel Su\u0107urac 21212 .<\/p>\n<p>&nbsp;<\/p>\n","protected":false},"excerpt":{"rendered":"<p>Grad Ka\u0161tela objavljuje Javni poziv za financiranje programa i projekata u kulturi od javnog interesa za grad Ka\u0161tela u 2020. [&hellip;]<\/p>\n","protected":false},"author":7,"featured_media":5528,"comment_status":"closed","ping_status":"open","sticky":false,"template":"","format":"standard","meta":{"_acf_changed":false,"footnotes":""},"categories":[1],"tags":[],"class_list":["post-5527","post","type-post","status-publish","format-standard","has-post-thumbnail","hentry","category-novosti"],"acf":[],"_links":{"self":[{"href":"https:\/\/kastela.hr\/en\/wp-json\/wp\/v2\/posts\/5527","targetHints":{"allow":["GET"]}}],"collection":[{"href":"https:\/\/kastela.hr\/en\/wp-json\/wp\/v2\/posts"}],"about":[{"href":"https:\/\/kastela.hr\/en\/wp-json\/wp\/v2\/types\/post"}],"author":[{"embeddable":true,"href":"https:\/\/kastela.hr\/en\/wp-json\/wp\/v2\/users\/7"}],"replies":[{"embeddable":true,"href":"https:\/\/kastela.hr\/en\/wp-json\/wp\/v2\/comments?post=5527"}],"version-history":[{"count":1,"href":"https:\/\/kastela.hr\/en\/wp-json\/wp\/v2\/posts\/5527\/revisions"}],"predecessor-version":[{"id":7121,"href":"https:\/\/kastela.hr\/en\/wp-json\/wp\/v2\/posts\/5527\/revisions\/7121"}],"wp:featuredmedia":[{"embeddable":true,"href":"https:\/\/kastela.hr\/en\/wp-json\/wp\/v2\/media\/5528"}],"wp:attachment":[{"href":"https:\/\/kastela.hr\/en\/wp-json\/wp\/v2\/media?parent=5527"}],"wp:term":[{"taxonomy":"category","embeddable":true,"href":"https:\/\/kastela.hr\/en\/wp-json\/wp\/v2\/categories?post=5527"},{"taxonomy":"post_tag","embeddable":true,"href":"https:\/\/kastela.hr\/en\/wp-json\/wp\/v2\/tags?post=5527"}],"curies":[{"name":"wp","href":"https:\/\/api.w.org\/{rel}","templated":true}]}}