{"id":5517,"date":"2019-11-25T11:54:00","date_gmt":"2019-11-25T10:54:00","guid":{"rendered":"https:\/\/kastela.hr\/en\/2019\/11\/25\/predstavljen-program-manifestacije-advent-u-kastelima-2019\/"},"modified":"2024-08-29T10:48:10","modified_gmt":"2024-08-29T08:48:10","slug":"predstavljen-program-manifestacije-advent-u-kastelima-2019","status":"publish","type":"post","link":"https:\/\/kastela.hr\/en\/2019\/11\/25\/predstavljen-program-manifestacije-advent-u-kastelima-2019\/","title":{"rendered":"Predstavljen program manifestacije Advent u Ka\u0161telima 2019."},"content":{"rendered":"<p>Lete\u0107i odred, Crvena jabuka, Psihomodo pop i do\u010dek Nove godine uz Alena Ni\u017eeti\u0107a &ndash; samo su neki od izvo\u0111a\u010da uz koje&nbsp;\u0107e Ka\u0161telani i njihovi gosti u\u017eivati ove godine u okviru manifestacije &quot;Advent u Ka\u0161telima 2019.&quot; koja \u0107e se odvijati u Novom parku u Ka\u0161tel Luk\u0161i\u0107u. Program manifestacije slu\u017ebeno je predstavio gradona\u010delnik Denis Ivanovi\u0107 zajedno sa svojom zamjenicom Jadrankom Matok Bosan\u010di\u0107, pro\u010delnicom UO za dru\u0161tvene djelatnosti i op\u0107e poslove Sandrom Zoki\u0107 te direktoricom TZ Ka\u0161tela Nadom Mar\u0161i\u0107.<\/p>\n<p>&#8211; Sve zapo\u010dinje 1. prosinca u 18 sati koncertom Luke Ni\u017eeti\u0107a tako da smo i ove godine posebnu pa\u017enju poklonili na\u0161im najmla\u0111ima za koje smo pripremili brojna doga\u0111anja u okviru Ka\u0161telanske adventske bajke, dok \u0107e stariji u\u017eivati u koncertima i gastro ponudi adventskih ku\u0107ica. Tako\u0111er, uo\u010di Bo\u017ei\u0107a, na brcu u Ka\u0161tel Starom bit \u0107e organizirana podjela bakalara, a za to vrijeme spontano \u0107e se okupiti brojne ka\u0161telanske klape koje \u0107e svojom pismom razveseliti na\u0161e sugra\u0111ane. Nastojali smo i ovoga puta osmisliti \u0161to kvalitetniji program, pa se nadamo da \u0107e i ove godine svi prona\u0107i ne\u0161to za sebe &ndash; istaknuo je gradona\u010delnik Ivanovi\u0107 navode\u0107i kako je kraj Novog parka postavljeno i klizali\u0161te na radost najmla\u0111ih. &nbsp;Izme\u0111u Bo\u017ei\u0107a i Nove godine koncert \u0107e odr\u017eati jedan gost iznena\u0111enja, koji \u0107e naknadno biti najavljen, a rije\u010d je o velikom imenu hrvatske estrade.<\/p>\n<p>U \u0110ardinu u Ka\u0161tel Novom svake nedjelje s po\u010detkom u 17 sati bit \u0107e uprili\u010deno paljenje adventskih svije\u0107a na vijencu dugom 18 metara , a na blagdan svetog Stjepana u \u017eupi Ka\u0161tel Novi svi \u0107e mo\u0107i pogledati \u017eive jaslice.<\/p>\n<p>Kompletni program Adventa u Ka\u0161telima 2019. nalazi se u prilogu&nbsp;<\/p>\n","protected":false},"excerpt":{"rendered":"<p>Lete\u0107i odred, Crvena jabuka, Psihomodo pop i do\u010dek Nove godine uz Alena Ni\u017eeti\u0107a &ndash; samo su neki od izvo\u0111a\u010da uz [&hellip;]<\/p>\n","protected":false},"author":7,"featured_media":5518,"comment_status":"closed","ping_status":"open","sticky":false,"template":"","format":"standard","meta":{"_acf_changed":false,"footnotes":""},"categories":[1],"tags":[],"class_list":["post-5517","post","type-post","status-publish","format-standard","has-post-thumbnail","hentry","category-novosti"],"acf":[],"_links":{"self":[{"href":"https:\/\/kastela.hr\/en\/wp-json\/wp\/v2\/posts\/5517","targetHints":{"allow":["GET"]}}],"collection":[{"href":"https:\/\/kastela.hr\/en\/wp-json\/wp\/v2\/posts"}],"about":[{"href":"https:\/\/kastela.hr\/en\/wp-json\/wp\/v2\/types\/post"}],"author":[{"embeddable":true,"href":"https:\/\/kastela.hr\/en\/wp-json\/wp\/v2\/users\/7"}],"replies":[{"embeddable":true,"href":"https:\/\/kastela.hr\/en\/wp-json\/wp\/v2\/comments?post=5517"}],"version-history":[{"count":1,"href":"https:\/\/kastela.hr\/en\/wp-json\/wp\/v2\/posts\/5517\/revisions"}],"predecessor-version":[{"id":7120,"href":"https:\/\/kastela.hr\/en\/wp-json\/wp\/v2\/posts\/5517\/revisions\/7120"}],"wp:featuredmedia":[{"embeddable":true,"href":"https:\/\/kastela.hr\/en\/wp-json\/wp\/v2\/media\/5518"}],"wp:attachment":[{"href":"https:\/\/kastela.hr\/en\/wp-json\/wp\/v2\/media?parent=5517"}],"wp:term":[{"taxonomy":"category","embeddable":true,"href":"https:\/\/kastela.hr\/en\/wp-json\/wp\/v2\/categories?post=5517"},{"taxonomy":"post_tag","embeddable":true,"href":"https:\/\/kastela.hr\/en\/wp-json\/wp\/v2\/tags?post=5517"}],"curies":[{"name":"wp","href":"https:\/\/api.w.org\/{rel}","templated":true}]}}