{"id":5503,"date":"2019-11-26T05:00:00","date_gmt":"2019-11-26T04:00:00","guid":{"rendered":"https:\/\/kastela.hr\/en\/2019\/11\/26\/javni-poziv-za-financiranje-programa-i-projekata-iz-podrucja-socijalne-skrbi-zdravstvene-zastite-i-udruga-proisteklih-iz-domovinskog-rata-koji-su-od-javnog-interesa-za-grad-kastela-u-2020-godini\/"},"modified":"2024-08-29T10:48:10","modified_gmt":"2024-08-29T08:48:10","slug":"javni-poziv-za-financiranje-programa-i-projekata-iz-podrucja-socijalne-skrbi-zdravstvene-zastite-i-udruga-proisteklih-iz-domovinskog-rata-koji-su-od-javnog-interesa-za-grad-kastela-u-2020-godini","status":"publish","type":"post","link":"https:\/\/kastela.hr\/en\/2019\/11\/26\/javni-poziv-za-financiranje-programa-i-projekata-iz-podrucja-socijalne-skrbi-zdravstvene-zastite-i-udruga-proisteklih-iz-domovinskog-rata-koji-su-od-javnog-interesa-za-grad-kastela-u-2020-godini\/","title":{"rendered":"Javni poziv za financiranje programa i projekata iz podru\u010dja socijalne skrbi, zdravstvene za\u0161tite i udruga proisteklih iz Domovinskog rata koji su od javnog interesa za Grad Ka\u0161tela u 2020. godini"},"content":{"rendered":"<p>Grad Ka\u0161tela objavljuje Javni poziv za financiranje programa i projekata iz podru\u010dja socijalne skrbi, zdravstvene za\u0161tite i udruga proisteklih iz Domovinskog rata koji su od javnog interesa za Grad Ka\u0161tela u 2020. godini.<\/p>\n<p>Predmet ovog Javnog poziva je prikupljanje prijava programa i projekata iz podru\u010dja socijalne skrbi i zdravstvene za\u0161tite te djelatnosti udruga proisteklih iz Domovinskog rata na podru\u010dju grada Ka\u0161tela u 2020. godini koji su od javnog interesa za Grad Ka\u0161tela.<\/p>\n<p>&nbsp;Grad \u0107e u 2020. godini dodatno sufinancirati provedbu programa\/projekata iz sljede\u0107ih podru\u010dja:<\/p>\n<p>1. Socijalna skrb<\/p>\n<p>2. Zdravstvena za\u0161tita i unapre\u0111enje zdravlja<\/p>\n<p>3. Socijalna i pravna za\u0161tita hrvatskih branitelja iz Domovinskog rata i \u010dlanova njihovih obitelji<\/p>\n<p>Javni poziv je otvoren od 27. studenog do 30. prosinca 2019.<\/p>\n<p>Prijave koje nisu napisane ra\u010dunalom na odgovaraju\u0107em obrascu, potpisane od ovla\u0161tene osobe i dostavljene u tiskanom obliku u navedenom roku, kao ione kojima nedostaje neki od tra\u017eenih priloga (obrazaca)ne\u0107e se razmatrati.<\/p>\n<p>&nbsp;<\/p>\n<p>&nbsp;<\/p>\n<p>&nbsp;<\/p>\n","protected":false},"excerpt":{"rendered":"<p>Grad Ka\u0161tela objavljuje Javni poziv za financiranje programa i projekata iz podru\u010dja socijalne skrbi, zdravstvene za\u0161tite i udruga proisteklih iz [&hellip;]<\/p>\n","protected":false},"author":7,"featured_media":5504,"comment_status":"closed","ping_status":"open","sticky":false,"template":"","format":"standard","meta":{"_acf_changed":false,"footnotes":""},"categories":[1],"tags":[],"class_list":["post-5503","post","type-post","status-publish","format-standard","has-post-thumbnail","hentry","category-novosti"],"acf":[],"_links":{"self":[{"href":"https:\/\/kastela.hr\/en\/wp-json\/wp\/v2\/posts\/5503","targetHints":{"allow":["GET"]}}],"collection":[{"href":"https:\/\/kastela.hr\/en\/wp-json\/wp\/v2\/posts"}],"about":[{"href":"https:\/\/kastela.hr\/en\/wp-json\/wp\/v2\/types\/post"}],"author":[{"embeddable":true,"href":"https:\/\/kastela.hr\/en\/wp-json\/wp\/v2\/users\/7"}],"replies":[{"embeddable":true,"href":"https:\/\/kastela.hr\/en\/wp-json\/wp\/v2\/comments?post=5503"}],"version-history":[{"count":1,"href":"https:\/\/kastela.hr\/en\/wp-json\/wp\/v2\/posts\/5503\/revisions"}],"predecessor-version":[{"id":7119,"href":"https:\/\/kastela.hr\/en\/wp-json\/wp\/v2\/posts\/5503\/revisions\/7119"}],"wp:featuredmedia":[{"embeddable":true,"href":"https:\/\/kastela.hr\/en\/wp-json\/wp\/v2\/media\/5504"}],"wp:attachment":[{"href":"https:\/\/kastela.hr\/en\/wp-json\/wp\/v2\/media?parent=5503"}],"wp:term":[{"taxonomy":"category","embeddable":true,"href":"https:\/\/kastela.hr\/en\/wp-json\/wp\/v2\/categories?post=5503"},{"taxonomy":"post_tag","embeddable":true,"href":"https:\/\/kastela.hr\/en\/wp-json\/wp\/v2\/tags?post=5503"}],"curies":[{"name":"wp","href":"https:\/\/api.w.org\/{rel}","templated":true}]}}