{"id":5499,"date":"2019-12-10T06:56:00","date_gmt":"2019-12-10T05:56:00","guid":{"rendered":"https:\/\/kastela.hr\/en\/2019\/12\/10\/20-godina-od-smrti-prvog-predsjednika-republike-hrvatske-dr-franje-tudmana\/"},"modified":"2024-08-29T10:48:10","modified_gmt":"2024-08-29T08:48:10","slug":"20-godina-od-smrti-prvog-predsjednika-republike-hrvatske-dr-franje-tudmana","status":"publish","type":"post","link":"https:\/\/kastela.hr\/en\/2019\/12\/10\/20-godina-od-smrti-prvog-predsjednika-republike-hrvatske-dr-franje-tudmana\/","title":{"rendered":"20 godina od smrti prvog predsjednika Republike Hrvatske, dr. Franje Tu\u0111mana"},"content":{"rendered":"<p>Dana 10.prosinca 2019.g. navr\u0161ava se 20 godina od smrti prvog predsjednika Republike Hrvatske, dr. Franje Tu\u0111mana. Tim povodom \u0107e se sutra ,10.prosinca 2019. u 18,00 sati slu\u017eiti sveta misa u \u017dupnoj crkvi sv. Petra apostola u Ka\u0161tel Novom.<\/p>\n<p>Pridru\u017eite se obilje\u017eavanju 20 godi\u0161njice smrti dr.F.Tu\u0111mana i tako odajmo du\u017eno po\u0161tovanje tvorcu samostalne i suverene Hrvatske dr\u017eave.<\/p>\n","protected":false},"excerpt":{"rendered":"<p>Dana 10.prosinca 2019.g. navr\u0161ava se 20 godina od smrti prvog predsjednika Republike Hrvatske, dr. Franje Tu\u0111mana. Tim povodom \u0107e se [&hellip;]<\/p>\n","protected":false},"author":1,"featured_media":0,"comment_status":"closed","ping_status":"open","sticky":false,"template":"","format":"standard","meta":{"_acf_changed":false,"footnotes":""},"categories":[1],"tags":[],"class_list":["post-5499","post","type-post","status-publish","format-standard","hentry","category-novosti"],"acf":[],"_links":{"self":[{"href":"https:\/\/kastela.hr\/en\/wp-json\/wp\/v2\/posts\/5499","targetHints":{"allow":["GET"]}}],"collection":[{"href":"https:\/\/kastela.hr\/en\/wp-json\/wp\/v2\/posts"}],"about":[{"href":"https:\/\/kastela.hr\/en\/wp-json\/wp\/v2\/types\/post"}],"author":[{"embeddable":true,"href":"https:\/\/kastela.hr\/en\/wp-json\/wp\/v2\/users\/1"}],"replies":[{"embeddable":true,"href":"https:\/\/kastela.hr\/en\/wp-json\/wp\/v2\/comments?post=5499"}],"version-history":[{"count":1,"href":"https:\/\/kastela.hr\/en\/wp-json\/wp\/v2\/posts\/5499\/revisions"}],"predecessor-version":[{"id":7116,"href":"https:\/\/kastela.hr\/en\/wp-json\/wp\/v2\/posts\/5499\/revisions\/7116"}],"wp:attachment":[{"href":"https:\/\/kastela.hr\/en\/wp-json\/wp\/v2\/media?parent=5499"}],"wp:term":[{"taxonomy":"category","embeddable":true,"href":"https:\/\/kastela.hr\/en\/wp-json\/wp\/v2\/categories?post=5499"},{"taxonomy":"post_tag","embeddable":true,"href":"https:\/\/kastela.hr\/en\/wp-json\/wp\/v2\/tags?post=5499"}],"curies":[{"name":"wp","href":"https:\/\/api.w.org\/{rel}","templated":true}]}}