{"id":5490,"date":"2019-12-11T05:00:00","date_gmt":"2019-12-11T04:00:00","guid":{"rendered":"https:\/\/kastela.hr\/en\/2019\/12\/11\/blagdansko-druzenje-za-djecu-s-teskocama-u-razvoju\/"},"modified":"2024-08-29T10:48:10","modified_gmt":"2024-08-29T08:48:10","slug":"blagdansko-druzenje-za-djecu-s-teskocama-u-razvoju","status":"publish","type":"post","link":"https:\/\/kastela.hr\/en\/2019\/12\/11\/blagdansko-druzenje-za-djecu-s-teskocama-u-razvoju\/","title":{"rendered":"Blagdansko dru\u017eenje za djecu s te\u0161ko\u0107ama u razvoju"},"content":{"rendered":"<p>U&nbsp;organizaciji Gradskog dru\u0161tva Crvenog kri\u017ea Ka\u0161tela&nbsp;proteklog tjedna u gradskog vije\u0107nici odr\u017eano je tradicionalno blagdansko dru\u017eenje za djecu s te\u0161ko\u0107ama u razvoju. Veselu i toplu blagdansku atmosferu uveli\u010dao je dolazak Sv. Nikole koji je podijelio \u0161arene darove i tako izmamio dje\u010dje osmjehe. Za dobro raspolo\u017eenje i pjesmu bili su zadu\u017eeni \u0161ti\u0107enici centra za rehabilitaciju &ldquo;Mir&rdquo; dok su mladi glumci KUD-a Karol Wojtyla kroz svoju scensku to\u010dku pokazali \u0161to prijateljstvo zna\u010di.<\/p>\n<p>Mali\u0161ane i njihove roditelje ovom je prilikom pozdravila dogradona\u010delnica Jadranka Matok Bosan\u010di\u0107 po\u017eeljev\u0161i svima sretne blagdane, a dobrim \u017eeljama pridru\u017eio se i Petar Boljat, ravnatelj Gradskog dru\u0161tva Crvenog kri\u017ea Ka\u0161tela, zahvaliv\u0161i se posebno roditeljima djece koji ula\u017eu nadljudske napore u uklju\u010divanje djece u dru\u0161tvo.<\/p>\n<p>Tijekom \u0161kolske godine djelatnici Gradskog dru\u0161tva Crvenog kri\u017ea Ka\u0161tela prevoze osamdesetak djece do odgojno &ndash; obrazovnih ustanova na splitskom i ka\u0161telanskom podru\u010dju.<\/p>\n<p>Djeca s te\u0161ko\u0107ama u razvoju susre\u0107u se s razli\u010ditim oblicima isklju\u010denosti i diskriminacije, koji ih poga\u0111aju u razli\u010ditoj mjeri, a upravo ovakva dru\u017eenja pridonose \u0161irenju inkluzivnosti.<\/p>\n<p>&nbsp;<\/p>\n","protected":false},"excerpt":{"rendered":"<p>U&nbsp;organizaciji Gradskog dru\u0161tva Crvenog kri\u017ea Ka\u0161tela&nbsp;proteklog tjedna u gradskog vije\u0107nici odr\u017eano je tradicionalno blagdansko dru\u017eenje za djecu s te\u0161ko\u0107ama u [&hellip;]<\/p>\n","protected":false},"author":7,"featured_media":5491,"comment_status":"closed","ping_status":"open","sticky":false,"template":"","format":"standard","meta":{"_acf_changed":false,"footnotes":""},"categories":[1],"tags":[],"class_list":["post-5490","post","type-post","status-publish","format-standard","has-post-thumbnail","hentry","category-novosti"],"acf":[],"_links":{"self":[{"href":"https:\/\/kastela.hr\/en\/wp-json\/wp\/v2\/posts\/5490","targetHints":{"allow":["GET"]}}],"collection":[{"href":"https:\/\/kastela.hr\/en\/wp-json\/wp\/v2\/posts"}],"about":[{"href":"https:\/\/kastela.hr\/en\/wp-json\/wp\/v2\/types\/post"}],"author":[{"embeddable":true,"href":"https:\/\/kastela.hr\/en\/wp-json\/wp\/v2\/users\/7"}],"replies":[{"embeddable":true,"href":"https:\/\/kastela.hr\/en\/wp-json\/wp\/v2\/comments?post=5490"}],"version-history":[{"count":1,"href":"https:\/\/kastela.hr\/en\/wp-json\/wp\/v2\/posts\/5490\/revisions"}],"predecessor-version":[{"id":7115,"href":"https:\/\/kastela.hr\/en\/wp-json\/wp\/v2\/posts\/5490\/revisions\/7115"}],"wp:featuredmedia":[{"embeddable":true,"href":"https:\/\/kastela.hr\/en\/wp-json\/wp\/v2\/media\/5491"}],"wp:attachment":[{"href":"https:\/\/kastela.hr\/en\/wp-json\/wp\/v2\/media?parent=5490"}],"wp:term":[{"taxonomy":"category","embeddable":true,"href":"https:\/\/kastela.hr\/en\/wp-json\/wp\/v2\/categories?post=5490"},{"taxonomy":"post_tag","embeddable":true,"href":"https:\/\/kastela.hr\/en\/wp-json\/wp\/v2\/tags?post=5490"}],"curies":[{"name":"wp","href":"https:\/\/api.w.org\/{rel}","templated":true}]}}