{"id":5467,"date":"2019-12-11T11:56:00","date_gmt":"2019-12-11T10:56:00","guid":{"rendered":"https:\/\/kastela.hr\/en\/2019\/12\/11\/predblagdanski-posjeti-ustanovama-i-udrugama-betlehem-miljenko-i-dobrila-te-sveti-jeronim\/"},"modified":"2024-08-29T10:48:10","modified_gmt":"2024-08-29T08:48:10","slug":"predblagdanski-posjeti-ustanovama-i-udrugama-betlehem-miljenko-i-dobrila-te-sveti-jeronim","status":"publish","type":"post","link":"https:\/\/kastela.hr\/en\/2019\/12\/11\/predblagdanski-posjeti-ustanovama-i-udrugama-betlehem-miljenko-i-dobrila-te-sveti-jeronim\/","title":{"rendered":"Predblagdanski posjeti ustanovama i udrugama \u201eBetlehem\u201c, \u201eMiljenko i Dobrila\u201c te \u201eSveti Jeronim\u201c"},"content":{"rendered":"<p>Gradona\u010delnik Denis Ivanovi\u0107 zajedno sa svojim zamjenikom Grgicom Benuti\u0107em obi\u0161ao je ku\u0107u za uto\u010di\u0161te namijenjenu samohranim majkama i djeci, Dje\u010dji dom Maestral &ndash; podru\u017enicu Miljenko i Dobrila u Ka\u0161tel Luk\u0161i\u0107u i Udrugu sveti Jeronim u Ka\u0161tel Gomilici.<\/p>\n<p>Rije\u010d je o tradicionalnom predblagdanskom obilasku ustanova i udruga koje skrbe o potrebitima, a gradona\u010delnik je i ove godine stigao sa slatkim paketima i bonovima u vrijednosti od 5 tisu\u0107a kuna.<\/p>\n<p>Ku\u0107a za uto\u010di\u0161te, koju vodi katoli\u010dka udruga &bdquo;Betlehem&ldquo;, namijenjena je samohranim majkama i djeci koje iz razli\u010ditih razloga ostaju same bez krova nad glavom i napu\u0161tene. Voditeljica splitske podru\u017enice Udruge Betlehem Mihaela Krajina istaknula je ovom prilikom kako im donacije uvelike poma\u017eu i zahvalila gradona\u010delniku na pomo\u0107i i dosada\u0161njoj suradnji.<\/p>\n<p>\u0160ti\u0107enici Dje\u010djeg doma Maestral &ndash; podru\u017enice Miljenko i Dobrila u Ka\u0161tel Luk\u0161i\u0107u do\u010dekali su predstavnike Grada Ka\u0161tela s osmijehom na licu, dok je ravnateljica doma Jelena Burazin upoznala gradona\u010delnika s aktivnostima i programima koje provode tijekom cijele godine.<\/p>\n<p>Predblagdanski obilazak zavr\u0161io je posjetom Udruzi sveti Jeronim u Ka\u0161tel Gomilici gdje su predstavnike Grada do\u010dekali djelatnici udruge, volonteri i \u0161ti\u0107enici.<\/p>\n<p>&ndash; Dugogodi\u0161nji sam biv\u0161i predsjednik i \u010dlan udruge, pa mi je uvijek drago do\u0107i i vidjeti \u0161ti\u0107enike jer se s njima osje\u0107am kao kod ku\u0107e. Grad Ka\u0161tela ve\u0107 nekoliko godina sufinancira projekte ove udruge jer nude pomo\u0107 u ku\u0107i starijim osobama, dnevni boravak i brinu o \u0161ti\u0107enicima prihvatili\u0161ta za besku\u0107nike. Sve udruge i ustanove na podru\u010dju na\u0161eg grada nastojat \u0107emo i ubudu\u0107e pomagati koliko god budemo mogli jer su socijalna pitanja ne\u0161to o \u010demu posebno treba voditi ra\u010duna &ndash; izjavio je gradona\u010delnik Ivanovi\u0107 i svima za\u017eelio \u010destit Bo\u017ei\u0107 i puno zdravlja u Novoj godini. &nbsp;<\/p>\n","protected":false},"excerpt":{"rendered":"<p>Gradona\u010delnik Denis Ivanovi\u0107 zajedno sa svojim zamjenikom Grgicom Benuti\u0107em obi\u0161ao je ku\u0107u za uto\u010di\u0161te namijenjenu samohranim majkama i djeci, Dje\u010dji [&hellip;]<\/p>\n","protected":false},"author":7,"featured_media":5468,"comment_status":"closed","ping_status":"open","sticky":false,"template":"","format":"standard","meta":{"_acf_changed":false,"footnotes":""},"categories":[1],"tags":[],"class_list":["post-5467","post","type-post","status-publish","format-standard","has-post-thumbnail","hentry","category-novosti"],"acf":[],"_links":{"self":[{"href":"https:\/\/kastela.hr\/en\/wp-json\/wp\/v2\/posts\/5467","targetHints":{"allow":["GET"]}}],"collection":[{"href":"https:\/\/kastela.hr\/en\/wp-json\/wp\/v2\/posts"}],"about":[{"href":"https:\/\/kastela.hr\/en\/wp-json\/wp\/v2\/types\/post"}],"author":[{"embeddable":true,"href":"https:\/\/kastela.hr\/en\/wp-json\/wp\/v2\/users\/7"}],"replies":[{"embeddable":true,"href":"https:\/\/kastela.hr\/en\/wp-json\/wp\/v2\/comments?post=5467"}],"version-history":[{"count":1,"href":"https:\/\/kastela.hr\/en\/wp-json\/wp\/v2\/posts\/5467\/revisions"}],"predecessor-version":[{"id":7113,"href":"https:\/\/kastela.hr\/en\/wp-json\/wp\/v2\/posts\/5467\/revisions\/7113"}],"wp:featuredmedia":[{"embeddable":true,"href":"https:\/\/kastela.hr\/en\/wp-json\/wp\/v2\/media\/5468"}],"wp:attachment":[{"href":"https:\/\/kastela.hr\/en\/wp-json\/wp\/v2\/media?parent=5467"}],"wp:term":[{"taxonomy":"category","embeddable":true,"href":"https:\/\/kastela.hr\/en\/wp-json\/wp\/v2\/categories?post=5467"},{"taxonomy":"post_tag","embeddable":true,"href":"https:\/\/kastela.hr\/en\/wp-json\/wp\/v2\/tags?post=5467"}],"curies":[{"name":"wp","href":"https:\/\/api.w.org\/{rel}","templated":true}]}}