{"id":5461,"date":"2019-12-12T11:46:00","date_gmt":"2019-12-12T10:46:00","guid":{"rendered":"https:\/\/kastela.hr\/en\/2019\/12\/12\/ovoga-vikenda-koncerti-crvene-jabuke-i-borisa-ostrica-te-program-za-najmlade\/"},"modified":"2024-08-29T10:48:10","modified_gmt":"2024-08-29T08:48:10","slug":"ovoga-vikenda-koncerti-crvene-jabuke-i-borisa-ostrica-te-program-za-najmlade","status":"publish","type":"post","link":"https:\/\/kastela.hr\/en\/2019\/12\/12\/ovoga-vikenda-koncerti-crvene-jabuke-i-borisa-ostrica-te-program-za-najmlade\/","title":{"rendered":"Ovoga vikenda koncerti Crvene jabuke i Borisa O\u0161tri\u0107a te program za najmla\u0111e"},"content":{"rendered":"<p>Manifestacija &bdquo;Advent u Ka\u0161telima 2019.&ldquo; nastavlja se i ovoga vikenda u Novom parku u Ka\u0161tel Luk\u0161i\u0107u brojnim koncertima, gastro ponudom ugostiteljskih ku\u0107ica i sadr\u017eajima za najmla\u0111e.<\/p>\n<p>Ovoga petka, 13. prosinca s po\u010detkom u 17 sati u luk\u0161i\u0107ki park dolazi Sveta Luce s poklonima, a istoga dana s po\u010detkom u 21 sat koncert \u0107e odr\u017eati Boris O\u0161tri\u0107 i Ribari.<\/p>\n<p>U subotu, 14. prosinca s po\u010detkom u 17 sati prigodni program izvest \u0107e djeca iz Osnovne \u0161kole Bija\u0107i, KUD-a karol Wojtyla, Dje\u010djeg vrti\u0107a Ka\u0161tela i vrti\u0107a \u010carobni pianino, dok \u0107e iste ve\u010deri s po\u010detkom u 21 sat koncert odr\u017eati Crvena jabuka.<\/p>\n<p>U nedjelju, 15. prosinca s po\u010detkom u 17 sati u \u0111ardinu u Ka\u0161tel Novom bit \u0107e upaljena adventska svije\u0107a, a u Novom parku u isto vrijeme nastupaju Ka\u0161telanske ma\u017eoretkinje, KUD Ante Zaninovi\u0107 i Udruga tjelesnih invalida Ka\u0161tela<\/p>\n<p>&nbsp;<\/p>\n<p>&nbsp;<\/p>\n","protected":false},"excerpt":{"rendered":"<p>Manifestacija &bdquo;Advent u Ka\u0161telima 2019.&ldquo; nastavlja se i ovoga vikenda u Novom parku u Ka\u0161tel Luk\u0161i\u0107u brojnim koncertima, gastro ponudom [&hellip;]<\/p>\n","protected":false},"author":7,"featured_media":5462,"comment_status":"closed","ping_status":"open","sticky":false,"template":"","format":"standard","meta":{"_acf_changed":false,"footnotes":""},"categories":[1],"tags":[],"class_list":["post-5461","post","type-post","status-publish","format-standard","has-post-thumbnail","hentry","category-novosti"],"acf":[],"_links":{"self":[{"href":"https:\/\/kastela.hr\/en\/wp-json\/wp\/v2\/posts\/5461","targetHints":{"allow":["GET"]}}],"collection":[{"href":"https:\/\/kastela.hr\/en\/wp-json\/wp\/v2\/posts"}],"about":[{"href":"https:\/\/kastela.hr\/en\/wp-json\/wp\/v2\/types\/post"}],"author":[{"embeddable":true,"href":"https:\/\/kastela.hr\/en\/wp-json\/wp\/v2\/users\/7"}],"replies":[{"embeddable":true,"href":"https:\/\/kastela.hr\/en\/wp-json\/wp\/v2\/comments?post=5461"}],"version-history":[{"count":1,"href":"https:\/\/kastela.hr\/en\/wp-json\/wp\/v2\/posts\/5461\/revisions"}],"predecessor-version":[{"id":7111,"href":"https:\/\/kastela.hr\/en\/wp-json\/wp\/v2\/posts\/5461\/revisions\/7111"}],"wp:featuredmedia":[{"embeddable":true,"href":"https:\/\/kastela.hr\/en\/wp-json\/wp\/v2\/media\/5462"}],"wp:attachment":[{"href":"https:\/\/kastela.hr\/en\/wp-json\/wp\/v2\/media?parent=5461"}],"wp:term":[{"taxonomy":"category","embeddable":true,"href":"https:\/\/kastela.hr\/en\/wp-json\/wp\/v2\/categories?post=5461"},{"taxonomy":"post_tag","embeddable":true,"href":"https:\/\/kastela.hr\/en\/wp-json\/wp\/v2\/tags?post=5461"}],"curies":[{"name":"wp","href":"https:\/\/api.w.org\/{rel}","templated":true}]}}