{"id":5451,"date":"2019-12-13T10:15:00","date_gmt":"2019-12-13T09:15:00","guid":{"rendered":"https:\/\/kastela.hr\/en\/2019\/12\/13\/sveta-luce-stigla-u-centar-mir\/"},"modified":"2024-08-29T10:48:10","modified_gmt":"2024-08-29T08:48:10","slug":"sveta-luce-stigla-u-centar-mir","status":"publish","type":"post","link":"https:\/\/kastela.hr\/en\/2019\/12\/13\/sveta-luce-stigla-u-centar-mir\/","title":{"rendered":"Sveta Luce stigla u Centar Mir"},"content":{"rendered":"<p>Predstavnici Grada Ka\u0161tela, Splitsko &ndash; dalmatinske \u017eupanije i moto udruge Plavi vitezovi posjetili su \u0161ti\u0107enike Centra Mir povodom blagdana Svete Luce. Zamjenik gradona\u010delnika Ka\u0161tela Grgica Benuti\u0107 uru\u010dio je ravnatelju Centra Bo\u0161ku Rozgi prigodne poklone i bon u vrijednosti 5 tisu\u0107a kuna, dok je zamjenik \u017eupana Luka Br\u010di\u0107 uru\u010dio bon u vrijednosti 10 tisu\u0107a kuna.<\/p>\n<p>Plavi vitezovi dio su velike me\u0111unarodne organizacije &ldquo;Blue Knights&ldquo;, a u svom djelovanju pru\u017eaju pomo\u0107 i sura\u0111uju s onima kojima je njihova pomo\u0107 potrebna, a posebno ustanovama koje skrbe o djeci i odraslim osobama s pote\u0161ko\u0107ama u razvoju.<\/p>\n<p>No Plavi vitezovi u centar Mir nikada ne dolaze sami, ve\u0107 u pratnji svojih prijatelja iz nekoliko moto klubova iz Ka\u0161tela i okolnih gradova, pa se svaki posjet pretvori u ugodno&nbsp;dru\u017eenje bikera i \u0161ti\u0107enika tako da je i ovogodi\u0161nji posjet&nbsp;zavr\u0161io&nbsp;uz pjesmu i ples svih okupljenih.<\/p>\n","protected":false},"excerpt":{"rendered":"<p>Predstavnici Grada Ka\u0161tela, Splitsko &ndash; dalmatinske \u017eupanije i moto udruge Plavi vitezovi posjetili su \u0161ti\u0107enike Centra Mir povodom blagdana Svete [&hellip;]<\/p>\n","protected":false},"author":7,"featured_media":5452,"comment_status":"closed","ping_status":"open","sticky":false,"template":"","format":"standard","meta":{"_acf_changed":false,"footnotes":""},"categories":[1],"tags":[],"class_list":["post-5451","post","type-post","status-publish","format-standard","has-post-thumbnail","hentry","category-novosti"],"acf":[],"_links":{"self":[{"href":"https:\/\/kastela.hr\/en\/wp-json\/wp\/v2\/posts\/5451","targetHints":{"allow":["GET"]}}],"collection":[{"href":"https:\/\/kastela.hr\/en\/wp-json\/wp\/v2\/posts"}],"about":[{"href":"https:\/\/kastela.hr\/en\/wp-json\/wp\/v2\/types\/post"}],"author":[{"embeddable":true,"href":"https:\/\/kastela.hr\/en\/wp-json\/wp\/v2\/users\/7"}],"replies":[{"embeddable":true,"href":"https:\/\/kastela.hr\/en\/wp-json\/wp\/v2\/comments?post=5451"}],"version-history":[{"count":1,"href":"https:\/\/kastela.hr\/en\/wp-json\/wp\/v2\/posts\/5451\/revisions"}],"predecessor-version":[{"id":7107,"href":"https:\/\/kastela.hr\/en\/wp-json\/wp\/v2\/posts\/5451\/revisions\/7107"}],"wp:featuredmedia":[{"embeddable":true,"href":"https:\/\/kastela.hr\/en\/wp-json\/wp\/v2\/media\/5452"}],"wp:attachment":[{"href":"https:\/\/kastela.hr\/en\/wp-json\/wp\/v2\/media?parent=5451"}],"wp:term":[{"taxonomy":"category","embeddable":true,"href":"https:\/\/kastela.hr\/en\/wp-json\/wp\/v2\/categories?post=5451"},{"taxonomy":"post_tag","embeddable":true,"href":"https:\/\/kastela.hr\/en\/wp-json\/wp\/v2\/tags?post=5451"}],"curies":[{"name":"wp","href":"https:\/\/api.w.org\/{rel}","templated":true}]}}