{"id":5448,"date":"2019-12-16T08:13:00","date_gmt":"2019-12-16T07:13:00","guid":{"rendered":"https:\/\/kastela.hr\/en\/2019\/12\/16\/multimedijalna-vecer-gradske-knjiznice-kastela\/"},"modified":"2024-08-29T10:48:10","modified_gmt":"2024-08-29T08:48:10","slug":"multimedijalna-vecer-gradske-knjiznice-kastela","status":"publish","type":"post","link":"https:\/\/kastela.hr\/en\/2019\/12\/16\/multimedijalna-vecer-gradske-knjiznice-kastela\/","title":{"rendered":"Multimedijalna ve\u010der Gradske knji\u017enice Ka\u0161tela"},"content":{"rendered":"<p>Multimedijalna ve\u010der &bdquo;Hrvatska od kneza Trpimira do Usko\u010dkog rata&ldquo; uz predstavljanje romana Krsnik, dobitnika ovogodi\u0161nje knji\u017eevne nagrade GKK Najbolji neobjavljeni hrvatski povijesni roman odr\u017eat \u0107e se u organizaciji GKK u utorak 17. prosinca u 19 sati u Nadbiskupskom ka\u0161telu u Ka\u0161tel Su\u0107urcu (Muzej grada Ka\u0161tela, Gospojska \u0161trada 1).<\/p>\n<p>Jedinstveni knji\u017eevni Natje\u010daj GKK i ovogodi\u0161nji pobjedni\u010dki roman predstavit \u0107e: \u0110uro Vidmarovi\u0107, predsjednik Dru\u0161tva hrvatskih knji\u017eevnika, knji\u017eevnik, publicist, knji\u017eevni i likovni kriti\u010dar, prevoditelj, povjesni\u010dar i diplomat; Hrvoje Hitrec, knji\u017eevnik, publicist, scenarist i redatelj, Zoran Bo\u0161kovi\u0107, direktor Naklade Bo\u0161kovi\u0107, Renata Dobri\u0107, ravnateljica Gradske knji\u017enice Ka\u0161tela i Ana Cerovac, autorica romana Krsnik.<\/p>\n<p>Redateljica doga\u0111anja je Marijana Vulas, a u dramskom dijelu programa sudjeluju: Vinko Mihanovi\u0107, Petra Ugrin, Ante Brajkovi\u0107 i Luka Pelivan, dok \u0107e u glazbenom dijelu programa nastupiti Plesni klub Spin &ndash; Ka\u0161tel Su\u0107urac.<\/p>\n<p>Projekt GKK Ka\u0161telanska kulturno-povijesna ba\u0161tina u \u010dijem sklopu GKK organizira i Natje\u010daj za najbolji neobjavljeni hrvatski povijesni roman Knez Trpimir financiran je sredstvima Ministarstva kulture Republike Hrvatske, Grada Ka\u0161tela, Splitsko-dalmatinske \u017eupanije, Zra\u010dne luke Split &ndash; Ka\u0161tela i Turisti\u010dke zajednice grada Ka\u0161tela, a pokrovitelji Natje\u010daja su, osim navedenih, Naklada Bo\u0161kovi\u0107 i Dru\u0161tvo hrvatskih knji\u017eevnika.<\/p>\n<p>&nbsp;<\/p>\n","protected":false},"excerpt":{"rendered":"<p>Multimedijalna ve\u010der &bdquo;Hrvatska od kneza Trpimira do Usko\u010dkog rata&ldquo; uz predstavljanje romana Krsnik, dobitnika ovogodi\u0161nje knji\u017eevne nagrade GKK Najbolji neobjavljeni [&hellip;]<\/p>\n","protected":false},"author":7,"featured_media":5449,"comment_status":"closed","ping_status":"open","sticky":false,"template":"","format":"standard","meta":{"_acf_changed":false,"footnotes":""},"categories":[1],"tags":[],"class_list":["post-5448","post","type-post","status-publish","format-standard","has-post-thumbnail","hentry","category-novosti"],"acf":[],"_links":{"self":[{"href":"https:\/\/kastela.hr\/en\/wp-json\/wp\/v2\/posts\/5448","targetHints":{"allow":["GET"]}}],"collection":[{"href":"https:\/\/kastela.hr\/en\/wp-json\/wp\/v2\/posts"}],"about":[{"href":"https:\/\/kastela.hr\/en\/wp-json\/wp\/v2\/types\/post"}],"author":[{"embeddable":true,"href":"https:\/\/kastela.hr\/en\/wp-json\/wp\/v2\/users\/7"}],"replies":[{"embeddable":true,"href":"https:\/\/kastela.hr\/en\/wp-json\/wp\/v2\/comments?post=5448"}],"version-history":[{"count":1,"href":"https:\/\/kastela.hr\/en\/wp-json\/wp\/v2\/posts\/5448\/revisions"}],"predecessor-version":[{"id":7106,"href":"https:\/\/kastela.hr\/en\/wp-json\/wp\/v2\/posts\/5448\/revisions\/7106"}],"wp:featuredmedia":[{"embeddable":true,"href":"https:\/\/kastela.hr\/en\/wp-json\/wp\/v2\/media\/5449"}],"wp:attachment":[{"href":"https:\/\/kastela.hr\/en\/wp-json\/wp\/v2\/media?parent=5448"}],"wp:term":[{"taxonomy":"category","embeddable":true,"href":"https:\/\/kastela.hr\/en\/wp-json\/wp\/v2\/categories?post=5448"},{"taxonomy":"post_tag","embeddable":true,"href":"https:\/\/kastela.hr\/en\/wp-json\/wp\/v2\/tags?post=5448"}],"curies":[{"name":"wp","href":"https:\/\/api.w.org\/{rel}","templated":true}]}}