{"id":5428,"date":"2019-12-19T05:55:00","date_gmt":"2019-12-19T04:55:00","guid":{"rendered":"https:\/\/kastela.hr\/en\/2019\/12\/19\/podijeljene-bozicnice-roditeljima-poginulih-branitelja\/"},"modified":"2024-08-29T10:48:10","modified_gmt":"2024-08-29T08:48:10","slug":"podijeljene-bozicnice-roditeljima-poginulih-branitelja","status":"publish","type":"post","link":"https:\/\/kastela.hr\/en\/2019\/12\/19\/podijeljene-bozicnice-roditeljima-poginulih-branitelja\/","title":{"rendered":"Podijeljene bo\u017ei\u0107nice roditeljima poginulih branitelja"},"content":{"rendered":"<p>U Gradskoj vije\u0107nici odr\u017eana je podjela bo\u017ei\u0107nica \u010dlanovima Udruge roditelja i udovica poginulih branitelja grada Ka\u0161tela i Ka\u0161telanske zagore te \u010dlanovima Udruge roditelja poginulih branitelja Domovinskog rata Ka\u0161tela.<\/p>\n<p>&#8211; Grad Ka\u0161tela ima dobru praksu suradnje sa svim udrugama proiza\u0161lim iz Domovinskog rata, a posebno smo osjetljivi na roditelje poginulih branitelja jer oni su za Domovinu dali najvrjednije \u0161to su imali, svoju djecu. I ove godine odu\u010dili smo svakome od njih dodijeliti 500 kuna kao prigodni poklon za ove blagdane &ndash; kazao je gradona\u010delnik Denis Ivanovi\u0107 nakon \u010dega je uslijedila podjela bo\u017ei\u0107nica.<\/p>\n<p>Grad Ka\u0161tela jedini je grad u Hrvatskoj koji dodjeljuje ove bo\u017ei\u0107nice du\u017ei niz godina, a prema rije\u010dima Zvonimira D\u017eoli\u0107a, predsjednika Udruge roditelja poginulih branitelja i udovica, bo\u017ei\u0107nice roditeljima zna\u010de mnogo vi\u0161e od financijskog poklona za blagdane.<\/p>\n<p>&#8211; Svatko od nas uglavnom ima mirovine i ne ovisimo financijski o pomo\u0107i Grada, no jedna ovakva gesta mnogo nam zna\u010di, ona je znak pa\u017enje. \u010clan sam zajednice udruga roditelja poginulih branitelja Hrvatske i iz iskustva znam da je Grad Ka\u0161tela jedini koji se na ovakav na\u010din sjeti ukazat nam pa\u017enju i to ne samo bo\u017ei\u0107nicama nego i za godi\u0161njicu pogibije na\u0161ih sinova &ndash; ustvrdio je D\u017eoli\u0107 koji se zahvalio gradona\u010delniku, a zahvalama se pridru\u017eio i predsjednik druge ka\u0161telanske Udruge roditelja poginulih branitelja Ljubo Duka.<\/p>\n<p>Povodom blagdana, \u010destitke roditeljima poginulih branitelja uputili su i dogradona\u010delnici Jadranka Matok Bosan\u010di\u0107 te Grgica Benuti\u0107.<\/p>\n","protected":false},"excerpt":{"rendered":"<p>U Gradskoj vije\u0107nici odr\u017eana je podjela bo\u017ei\u0107nica \u010dlanovima Udruge roditelja i udovica poginulih branitelja grada Ka\u0161tela i Ka\u0161telanske zagore te [&hellip;]<\/p>\n","protected":false},"author":7,"featured_media":5429,"comment_status":"closed","ping_status":"open","sticky":false,"template":"","format":"standard","meta":{"_acf_changed":false,"footnotes":""},"categories":[1],"tags":[],"class_list":["post-5428","post","type-post","status-publish","format-standard","has-post-thumbnail","hentry","category-novosti"],"acf":[],"_links":{"self":[{"href":"https:\/\/kastela.hr\/en\/wp-json\/wp\/v2\/posts\/5428","targetHints":{"allow":["GET"]}}],"collection":[{"href":"https:\/\/kastela.hr\/en\/wp-json\/wp\/v2\/posts"}],"about":[{"href":"https:\/\/kastela.hr\/en\/wp-json\/wp\/v2\/types\/post"}],"author":[{"embeddable":true,"href":"https:\/\/kastela.hr\/en\/wp-json\/wp\/v2\/users\/7"}],"replies":[{"embeddable":true,"href":"https:\/\/kastela.hr\/en\/wp-json\/wp\/v2\/comments?post=5428"}],"version-history":[{"count":1,"href":"https:\/\/kastela.hr\/en\/wp-json\/wp\/v2\/posts\/5428\/revisions"}],"predecessor-version":[{"id":7103,"href":"https:\/\/kastela.hr\/en\/wp-json\/wp\/v2\/posts\/5428\/revisions\/7103"}],"wp:featuredmedia":[{"embeddable":true,"href":"https:\/\/kastela.hr\/en\/wp-json\/wp\/v2\/media\/5429"}],"wp:attachment":[{"href":"https:\/\/kastela.hr\/en\/wp-json\/wp\/v2\/media?parent=5428"}],"wp:term":[{"taxonomy":"category","embeddable":true,"href":"https:\/\/kastela.hr\/en\/wp-json\/wp\/v2\/categories?post=5428"},{"taxonomy":"post_tag","embeddable":true,"href":"https:\/\/kastela.hr\/en\/wp-json\/wp\/v2\/tags?post=5428"}],"curies":[{"name":"wp","href":"https:\/\/api.w.org\/{rel}","templated":true}]}}