{"id":5424,"date":"2019-12-20T06:41:00","date_gmt":"2019-12-20T05:41:00","guid":{"rendered":"https:\/\/kastela.hr\/en\/2019\/12\/20\/ovog-vikenda-nastupi-grupa-vigor-dreamers-podjela-bakalara-i-koncert-klapa\/"},"modified":"2024-08-29T10:48:10","modified_gmt":"2024-08-29T08:48:10","slug":"ovog-vikenda-nastupi-grupa-vigor-dreamers-podjela-bakalara-i-koncert-klapa","status":"publish","type":"post","link":"https:\/\/kastela.hr\/en\/2019\/12\/20\/ovog-vikenda-nastupi-grupa-vigor-dreamers-podjela-bakalara-i-koncert-klapa\/","title":{"rendered":"Ovog vikenda nastupi grupa Vigor, Dreamers, podjela bakalara i koncert klapa"},"content":{"rendered":"<p>Ovoga vikenda nastavlja se program manifestacije &bdquo;Advent u Ka\u0161telima 2019.&ldquo; u Novom parku u Ka\u0161tel Luk\u0161i\u0107u dok \u0107e podjela bakalara biti na brcu u Ka\u0161tel Starom. Sukladno vremenskim prilikama, odr\u017eat \u0107e se brojni koncerti uz gastro ponudu ugostiteljskih ku\u0107ica, dok \u0107e najmla\u0111i uz zimske radosti na klizali\u0161tu, imati priliku u\u017eivati u predstavama i igrokazima.&nbsp;<\/p>\n<p>Ve\u010deras, u petak 20. prosinca s po\u010detkom u 21 sat na rasporedu je koncert grupe Vigor.<\/p>\n<p>U subotu, 21. prosinca u Ka\u0161tel Starom u portu s po\u010detkom u 11 sati bit \u0107e oki\u0107eno bo\u017ei\u0107no drvce pod morem, a potom \u0107e se na brcu zapo\u010deti s podjelom vi\u0161e od tisu\u0107u porcija bakalara kojeg pripremaju renomirani kuhari nakon \u010dega \u0107e se uz doma\u0107u pismu okupiti brojne ka\u0161telanske klape. Istoga dana, s po\u010detkom u 19 sati u \u017eupnoj crkvi u Ka\u0161tel Starom odr\u017eat \u0107e Bo\u017ei\u0107ni koncert klapa sv. Juraj HRM i klapa Cambi.<\/p>\n<p>Tako\u0111er u subotu, 21. prosinca u Novom parku u Luk\u0161i\u0107u s po\u010detkom u 21 sati svi ljubitelji rocka mogu poslu\u0161ati nastup grupe Dreamers koji \u0107e izvoditi pjesme Azre, Bijelog dugmeta, Plavog orkestra i brojne druge hitove.<\/p>\n<p>Ove subote s po\u010detkom u 18 sati tako\u0111er u Novom parku najmla\u0111i mogu u\u017eivati uz Music talents, dok \u0107e u nedjelju, 22. prosinca u 17 sati mo\u0107i se veseliti uz nastup djece iz vrti\u0107a &bdquo;Sunce moje malo&ldquo;, Udruge sveti Jeronim, SAU Putalj i plesni klub Dia Dea.<\/p>\n<p>&nbsp;<\/p>\n<p>&nbsp;<\/p>\n<p>&nbsp;<\/p>\n<p>&nbsp;<\/p>\n","protected":false},"excerpt":{"rendered":"<p>Ovoga vikenda nastavlja se program manifestacije &bdquo;Advent u Ka\u0161telima 2019.&ldquo; u Novom parku u Ka\u0161tel Luk\u0161i\u0107u dok \u0107e podjela bakalara [&hellip;]<\/p>\n","protected":false},"author":7,"featured_media":5425,"comment_status":"closed","ping_status":"open","sticky":false,"template":"","format":"standard","meta":{"_acf_changed":false,"footnotes":""},"categories":[1],"tags":[],"class_list":["post-5424","post","type-post","status-publish","format-standard","has-post-thumbnail","hentry","category-novosti"],"acf":[],"_links":{"self":[{"href":"https:\/\/kastela.hr\/en\/wp-json\/wp\/v2\/posts\/5424","targetHints":{"allow":["GET"]}}],"collection":[{"href":"https:\/\/kastela.hr\/en\/wp-json\/wp\/v2\/posts"}],"about":[{"href":"https:\/\/kastela.hr\/en\/wp-json\/wp\/v2\/types\/post"}],"author":[{"embeddable":true,"href":"https:\/\/kastela.hr\/en\/wp-json\/wp\/v2\/users\/7"}],"replies":[{"embeddable":true,"href":"https:\/\/kastela.hr\/en\/wp-json\/wp\/v2\/comments?post=5424"}],"version-history":[{"count":1,"href":"https:\/\/kastela.hr\/en\/wp-json\/wp\/v2\/posts\/5424\/revisions"}],"predecessor-version":[{"id":7102,"href":"https:\/\/kastela.hr\/en\/wp-json\/wp\/v2\/posts\/5424\/revisions\/7102"}],"wp:featuredmedia":[{"embeddable":true,"href":"https:\/\/kastela.hr\/en\/wp-json\/wp\/v2\/media\/5425"}],"wp:attachment":[{"href":"https:\/\/kastela.hr\/en\/wp-json\/wp\/v2\/media?parent=5424"}],"wp:term":[{"taxonomy":"category","embeddable":true,"href":"https:\/\/kastela.hr\/en\/wp-json\/wp\/v2\/categories?post=5424"},{"taxonomy":"post_tag","embeddable":true,"href":"https:\/\/kastela.hr\/en\/wp-json\/wp\/v2\/tags?post=5424"}],"curies":[{"name":"wp","href":"https:\/\/api.w.org\/{rel}","templated":true}]}}