{"id":5420,"date":"2019-12-20T06:59:00","date_gmt":"2019-12-20T05:59:00","guid":{"rendered":"https:\/\/kastela.hr\/en\/2019\/12\/20\/video-odrzana-19-sjednica-gradskog-vijeca\/"},"modified":"2024-08-29T10:48:10","modified_gmt":"2024-08-29T08:48:10","slug":"video-odrzana-19-sjednica-gradskog-vijeca","status":"publish","type":"post","link":"https:\/\/kastela.hr\/en\/2019\/12\/20\/video-odrzana-19-sjednica-gradskog-vijeca\/","title":{"rendered":"VIDEO: Odr\u017eana 19. sjednica Gradskog vije\u0107a"},"content":{"rendered":"<p>Sjednica Gradskog vije\u0107a, 19. po redu u ovom sazivu, zapo\u010dela je usvajanjem zapisnika s 18. sjednice nakon \u010dega su uslijedila vije\u0107ni\u010dka pitanja, a potom su, usvojene sve to\u010dke dnevnog reda.&nbsp;<\/p>\n<p>Ve\u0107ina to\u010daka usvojena je bez rasprava nakon izlaganja, a na dnevnom redu se na\u0161ao Prijedlog III. Izmjena i dopuna Prora\u010duna Grada Ka\u0161tela za 2019. godinu. Prema izvje\u0161\u0107u pro\u010delnice Marije Matije \u0110iki\u0107, prema ovom tre\u0107em rebalansu prora\u010duna prihodi u teku\u0107oj godini iznose 161,5, a rashodi 177,9 milijuna kuna.<\/p>\n<p>Osim rebalansa prora\u010duna ne\u0161to vi\u0161e rasprave na ovoj je sjednici bilo na to\u010dkama dnevnog reda vezanih uz gradsku komunalnu tvrtku Zeleno i modro. Kako je izvijestio direktor Zeleno i modro Alen Lu\u010di\u0107, stupanjem na snagu novih izmjena Uredbe&nbsp; o gospodarenju komunalnim otpadom, u kojoj su korisnici usluga odvoza otpada podijeljeni u dvije kategorije, ku\u0107anstva i one koji to nisu, potrebno je izmijeniti gradsku odluku o na\u010dinu pru\u017eanja javne usluge prikupljanja mije\u0161anog komunalnog otpada. Nova odluka donosi izmjene u na\u010dinu i cijeni obra\u010duna, posebno za obrtnike, iznajmljiva\u010de i sli\u010dno.<\/p>\n<p>Na ovoj sjednici vije\u0107nici su usvojili Odluku o sufinanciranju putnih tro\u0161kova studentima za Erasmus+ programe, u kojoj su utvr\u0111eni uvjeti i na\u010dini financiranja pa \u0107e se studentima priznavati tro\u0161kovi putovanja u inozemstvu u visini do dvije tisu\u0107e kuna godi\u0161nje.<\/p>\n<p>Me\u0111u odlukama usvojenim na ovoj sjednici Gradskog vije\u0107a na\u0161le su se i odluke, kojima se pojedini UPU-i stavljaju izvan snage, a svaku odluku posebno je obrazlo\u017eio pro\u010delnik Boris \u0160kara, koji je izme\u0111u ostalog naglasio kako se radi o racionalizaciji sustava prostorno planske dokumentacije za grad Ka\u0161tela.<\/p>\n<p>&nbsp;<\/p>\n<p>&nbsp;<\/p>\n","protected":false},"excerpt":{"rendered":"<p>Sjednica Gradskog vije\u0107a, 19. po redu u ovom sazivu, zapo\u010dela je usvajanjem zapisnika s 18. sjednice nakon \u010dega su uslijedila [&hellip;]<\/p>\n","protected":false},"author":7,"featured_media":5421,"comment_status":"closed","ping_status":"open","sticky":false,"template":"","format":"standard","meta":{"_acf_changed":false,"footnotes":""},"categories":[1],"tags":[],"class_list":["post-5420","post","type-post","status-publish","format-standard","has-post-thumbnail","hentry","category-novosti"],"acf":[],"_links":{"self":[{"href":"https:\/\/kastela.hr\/en\/wp-json\/wp\/v2\/posts\/5420","targetHints":{"allow":["GET"]}}],"collection":[{"href":"https:\/\/kastela.hr\/en\/wp-json\/wp\/v2\/posts"}],"about":[{"href":"https:\/\/kastela.hr\/en\/wp-json\/wp\/v2\/types\/post"}],"author":[{"embeddable":true,"href":"https:\/\/kastela.hr\/en\/wp-json\/wp\/v2\/users\/7"}],"replies":[{"embeddable":true,"href":"https:\/\/kastela.hr\/en\/wp-json\/wp\/v2\/comments?post=5420"}],"version-history":[{"count":1,"href":"https:\/\/kastela.hr\/en\/wp-json\/wp\/v2\/posts\/5420\/revisions"}],"predecessor-version":[{"id":7101,"href":"https:\/\/kastela.hr\/en\/wp-json\/wp\/v2\/posts\/5420\/revisions\/7101"}],"wp:featuredmedia":[{"embeddable":true,"href":"https:\/\/kastela.hr\/en\/wp-json\/wp\/v2\/media\/5421"}],"wp:attachment":[{"href":"https:\/\/kastela.hr\/en\/wp-json\/wp\/v2\/media?parent=5420"}],"wp:term":[{"taxonomy":"category","embeddable":true,"href":"https:\/\/kastela.hr\/en\/wp-json\/wp\/v2\/categories?post=5420"},{"taxonomy":"post_tag","embeddable":true,"href":"https:\/\/kastela.hr\/en\/wp-json\/wp\/v2\/tags?post=5420"}],"curies":[{"name":"wp","href":"https:\/\/api.w.org\/{rel}","templated":true}]}}