{"id":5417,"date":"2019-12-23T07:47:00","date_gmt":"2019-12-23T06:47:00","guid":{"rendered":"https:\/\/kastela.hr\/en\/2019\/12\/23\/bozicna-pricaonica-gkk-svetu-noc-pripovijeda-glumica-hnk-andrijana-vickovic\/"},"modified":"2024-08-29T10:48:10","modified_gmt":"2024-08-29T08:48:10","slug":"bozicna-pricaonica-gkk-svetu-noc-pripovijeda-glumica-hnk-andrijana-vickovic","status":"publish","type":"post","link":"https:\/\/kastela.hr\/en\/2019\/12\/23\/bozicna-pricaonica-gkk-svetu-noc-pripovijeda-glumica-hnk-andrijana-vickovic\/","title":{"rendered":"Bo\u017ei\u0107na pri\u010daonica GKK: \u201eSvetu no\u0107\u201c pripovijeda glumica HNK Andrijana Vickovi\u0107"},"content":{"rendered":"<p>&bdquo;Svetu no\u0107&quot;, pri\u010du o Kristovom ro\u0111enju \u0161vedske knji\u017eevnice nobelovke Selme Lagerl\u00f6f kazivat \u0107e u ponedjeljak 23. prosinca u 19.00 sati u Gradskoj knji\u017enici Ka\u0161tela u Ka\u0161tel Su\u0107urcu glumica HNK Split Andrijana Vickovi\u0107.<\/p>\n<p>Jednog Bo\u017ei\u0107a pripovjeda\u010dica je s bakom ostala kod ku\u0107e, dok su svi ostali oti\u0161li u crkvu. Baka je bila prestara za odlazak u crkvu, a pripovjeda\u010dica premala. Tada joj je baka, sjede\u0107i u svom naslonja\u010du, ispri\u010dala pri\u010du &bdquo;Sveta no\u0107&ldquo;, pri\u010du o no\u0107i ro\u0111enja malog Isusa, o jasnom no\u0107nom nebu na kojem se pojavila zvijezda, o svjetlu Bo\u017ei\u0107a. &bdquo;Sveta no\u0107&ldquo; je prekrasna pri\u010da o milosr\u0111u i o tome &bdquo;kako \u010disto srce otvara o\u010di s kojima \u010dovjek mo\u017ee u\u017eivati u gledanju ljepota neba.&quot;<\/p>\n<p>Autorica Selma Lagerlof svojim pri\u010dama djeci pribli\u017eava Isusa Krista i doga\u0111aje vezane uz njegovo ro\u0111enje i rani \u017eivot prikazuju\u0107i \u010duda njegova \u017eivota. Za svoj knji\u017eevni rad dobila Nobelovu nagradu 1909. godine, kao prva \u017eena kojoj je ta nagrada uru\u010dena.<\/p>\n<p>&bdquo;Svetu no\u0107&ldquo; poslu\u0161ajte u izvedbi Andrijane Vickovi\u0107 u ponedjeljak 23. prosinca u 19.00 sati u GKK u Ka\u0161tel Su\u0107urcu.<\/p>\n<p>\n&nbsp;<\/p>\n<p>&nbsp;<\/p>\n","protected":false},"excerpt":{"rendered":"<p>&bdquo;Svetu no\u0107&quot;, pri\u010du o Kristovom ro\u0111enju \u0161vedske knji\u017eevnice nobelovke Selme Lagerl\u00f6f kazivat \u0107e u ponedjeljak 23. prosinca u 19.00 sati [&hellip;]<\/p>\n","protected":false},"author":7,"featured_media":5418,"comment_status":"closed","ping_status":"open","sticky":false,"template":"","format":"standard","meta":{"_acf_changed":false,"footnotes":""},"categories":[1],"tags":[],"class_list":["post-5417","post","type-post","status-publish","format-standard","has-post-thumbnail","hentry","category-novosti"],"acf":[],"_links":{"self":[{"href":"https:\/\/kastela.hr\/en\/wp-json\/wp\/v2\/posts\/5417","targetHints":{"allow":["GET"]}}],"collection":[{"href":"https:\/\/kastela.hr\/en\/wp-json\/wp\/v2\/posts"}],"about":[{"href":"https:\/\/kastela.hr\/en\/wp-json\/wp\/v2\/types\/post"}],"author":[{"embeddable":true,"href":"https:\/\/kastela.hr\/en\/wp-json\/wp\/v2\/users\/7"}],"replies":[{"embeddable":true,"href":"https:\/\/kastela.hr\/en\/wp-json\/wp\/v2\/comments?post=5417"}],"version-history":[{"count":1,"href":"https:\/\/kastela.hr\/en\/wp-json\/wp\/v2\/posts\/5417\/revisions"}],"predecessor-version":[{"id":7100,"href":"https:\/\/kastela.hr\/en\/wp-json\/wp\/v2\/posts\/5417\/revisions\/7100"}],"wp:featuredmedia":[{"embeddable":true,"href":"https:\/\/kastela.hr\/en\/wp-json\/wp\/v2\/media\/5418"}],"wp:attachment":[{"href":"https:\/\/kastela.hr\/en\/wp-json\/wp\/v2\/media?parent=5417"}],"wp:term":[{"taxonomy":"category","embeddable":true,"href":"https:\/\/kastela.hr\/en\/wp-json\/wp\/v2\/categories?post=5417"},{"taxonomy":"post_tag","embeddable":true,"href":"https:\/\/kastela.hr\/en\/wp-json\/wp\/v2\/tags?post=5417"}],"curies":[{"name":"wp","href":"https:\/\/api.w.org\/{rel}","templated":true}]}}