{"id":5414,"date":"2019-12-23T08:15:00","date_gmt":"2019-12-23T07:15:00","guid":{"rendered":"https:\/\/kastela.hr\/en\/2019\/12\/23\/prodajna-izlozba-slika-za-pomoc-centru-za-rehabilitaciju-mir-u-rudinama\/"},"modified":"2024-08-29T10:48:10","modified_gmt":"2024-08-29T08:48:10","slug":"prodajna-izlozba-slika-za-pomoc-centru-za-rehabilitaciju-mir-u-rudinama","status":"publish","type":"post","link":"https:\/\/kastela.hr\/en\/2019\/12\/23\/prodajna-izlozba-slika-za-pomoc-centru-za-rehabilitaciju-mir-u-rudinama\/","title":{"rendered":"Prodajna izlo\u017eba slika za pomo\u0107 Centru za rehabilitaciju Mir u Rudinama"},"content":{"rendered":"<p>Konferencijski prostor novog Centra u Ka\u0161tel Gomilici proteklog je petka na jedan dan postao galerija s izlo\u017eenih osamdesetak umjetni\u010dkih slika, a ujedno i mjesto prepuno humanosti, empatije i dobro\u010dinstva, pri \u010demu su svi nazo\u010dni imali jedan cilj, pomo\u0107 Centru za rehabilitaciju Mir u Rudinama.<\/p>\n<p>Izlo\u017eene slike, uglavnom&nbsp; s motivima bliskim Dalmaciji, jedan su dio onoga \u0161to je nastalo tijekom godina u likovnim kolonijama koje u planinarskom domu Putalj organizira HPD Kozjak. Autori slika svoja djela po zavr\u0161etku kolonije uglavnom poklanjaju organizatorima, a planinari tim djelima nastoje pomo\u0107i u razli\u010ditim humanitarnim akcijama. Tako su ovog puta do\u0161li na ideju da uz zajedni\u010dku organizaciju prodajne izlo\u017ebe, slike ponude zainteresiranima, a prihod namijene Centru Mir u Rudinama.<\/p>\n<p>I tako se zakotrljao kamen dobro\u010dinstva, pri \u010demu su se u cijelu pri\u010du uklju\u010dili ka\u0161telanski Rotarijanci te Grad Ka\u0161tela i to kako bi Centru Mir osigurali novu, adekvatnu glavnu kuhinju te olak\u0161ali svakodnevno funkcioniranje Centra koji skrbi o djeci i odraslima s te\u0161ko\u0107ama u razvoju i s intelektualnim te\u0161ko\u0107ama kroz niz programa, a uz te programe osigurava potrebitim sugra\u0111anima i dostavu pripremljeni obroka.<\/p>\n<p>&#8211; Kuhinja Centra izgra\u0111ena je prije 22 godine, kada je Centar krenuo s radom, odnosno u vrijeme kada su tu boravili samo korisnici trajnog smje\u0161taja. Pro\u0161irenjem djelatnosti i zna\u010dajnim pove\u0107anjem broja korisnika u vi\u0161e programa, postala je nedostatna za sve potrebe. Uz to, ku\u0107anski aparati u njoj osjetili su zub vremena i jednostavno smo u situaciji da djelatnice ula\u017eu maksimalne napore kako bi ta kuhinja zadovoljila osnovne tehni\u010dke uvjete &ndash; kazao je o potrebi hitne rekonstrukcije ravnatelj Mira Bo\u0161ko Rozga.<\/p>\n<p>Ravnatelj Rozga ove je ve\u010deri zahvalio svima koji su se uklju\u010dili u akciju prikupljanja pomo\u0107i za zajedni\u010dki cilj, a izme\u0111u ostalih posebne zahvale oti\u0161le su na adresu su\u0107ura\u010dkih planinara i njihove \u010dlanice Ivane Perkovi\u0107, svih ka\u0161telanskih Rotarijanaca, posebno&nbsp; Joze Cikojevi\u0107a, Ivice \u0160unjerge i Petra Pili\u0107a, udruge Sveti Jeronim, Marijane Vulas, Grada Ka\u0161tela, Portala grada Ka\u0161tela, na\u0161eg fotografa Luke I\u0161tuka i drugih, a &nbsp;velike zahvale oti\u0161le su na adrese svih umjetnika \u010dije su se slike ove ve\u010deri na\u0161le na izlo\u017ebi.<\/p>\n<p>Cijelu akciju pozdravio je i ka\u0161telanski gradona\u010delnik Denis Ivanovi\u0107, obe\u0107av\u0161i pomo\u0107 Grada u ostvarenju cilja, kao i uklju\u010divanje resornog Ministarstva.<\/p>\n<p>A za ostvarenje cilja, odnosno rekonstrukciju glavne kuhinje,&nbsp; Centru Mir&nbsp; bit \u0107e potrebno oko 650 tisu\u0107a kuna, a zajedni\u010dkim anga\u017emanom i taj cilj je ostvariv.<\/p>\n<p>Izvor: PGK<\/p>\n","protected":false},"excerpt":{"rendered":"<p>Konferencijski prostor novog Centra u Ka\u0161tel Gomilici proteklog je petka na jedan dan postao galerija s izlo\u017eenih osamdesetak umjetni\u010dkih slika, [&hellip;]<\/p>\n","protected":false},"author":7,"featured_media":5415,"comment_status":"closed","ping_status":"open","sticky":false,"template":"","format":"standard","meta":{"_acf_changed":false,"footnotes":""},"categories":[1],"tags":[],"class_list":["post-5414","post","type-post","status-publish","format-standard","has-post-thumbnail","hentry","category-novosti"],"acf":[],"_links":{"self":[{"href":"https:\/\/kastela.hr\/en\/wp-json\/wp\/v2\/posts\/5414","targetHints":{"allow":["GET"]}}],"collection":[{"href":"https:\/\/kastela.hr\/en\/wp-json\/wp\/v2\/posts"}],"about":[{"href":"https:\/\/kastela.hr\/en\/wp-json\/wp\/v2\/types\/post"}],"author":[{"embeddable":true,"href":"https:\/\/kastela.hr\/en\/wp-json\/wp\/v2\/users\/7"}],"replies":[{"embeddable":true,"href":"https:\/\/kastela.hr\/en\/wp-json\/wp\/v2\/comments?post=5414"}],"version-history":[{"count":1,"href":"https:\/\/kastela.hr\/en\/wp-json\/wp\/v2\/posts\/5414\/revisions"}],"predecessor-version":[{"id":7099,"href":"https:\/\/kastela.hr\/en\/wp-json\/wp\/v2\/posts\/5414\/revisions\/7099"}],"wp:featuredmedia":[{"embeddable":true,"href":"https:\/\/kastela.hr\/en\/wp-json\/wp\/v2\/media\/5415"}],"wp:attachment":[{"href":"https:\/\/kastela.hr\/en\/wp-json\/wp\/v2\/media?parent=5414"}],"wp:term":[{"taxonomy":"category","embeddable":true,"href":"https:\/\/kastela.hr\/en\/wp-json\/wp\/v2\/categories?post=5414"},{"taxonomy":"post_tag","embeddable":true,"href":"https:\/\/kastela.hr\/en\/wp-json\/wp\/v2\/tags?post=5414"}],"curies":[{"name":"wp","href":"https:\/\/api.w.org\/{rel}","templated":true}]}}