{"id":5411,"date":"2019-12-24T05:52:00","date_gmt":"2019-12-24T04:52:00","guid":{"rendered":"https:\/\/kastela.hr\/en\/2019\/12\/24\/obavijest-korisnicima-vezova-u-luci-u-kastel-starom\/"},"modified":"2024-08-29T10:48:10","modified_gmt":"2024-08-29T08:48:10","slug":"obavijest-korisnicima-vezova-u-luci-u-kastel-starom","status":"publish","type":"post","link":"https:\/\/kastela.hr\/en\/2019\/12\/24\/obavijest-korisnicima-vezova-u-luci-u-kastel-starom\/","title":{"rendered":"Obavijest korisnicima vezova u luci u Ka\u0161tel Starom"},"content":{"rendered":"<p>&#8211; Uskoro &nbsp;kre\u0107u radovi u Ka\u0161tel Starom, gradi se lukobran i ure\u0111uje obala u postoje\u0107em portu s ukupno 9000 \u010detvornih metara, a time \u0107e Ka\u0161tel Stari dobiti potpuno novi izgled s ure\u0111enjem okolnih sadr\u017eaja.<\/p>\n<p>Zbog najavljenoga po\u010detka radova&nbsp;<strong>mole se svi korisnici veza na podru\u010dju luke Ka\u0161tel Stari da svoje brodice i &nbsp;pluta\u010de (bove) uklone s podru\u010dja luke Ka\u0161tel Stari &nbsp;najkasnije do 07.sije\u010dnja 2020.<\/strong>&nbsp;kako bi radovi mogli nesmetano zapo\u010deti &ndash; stoji u obavijesti gradske komunalne tvrtke Zeleno i modro.<\/p>\n<p>&nbsp;<\/p>\n","protected":false},"excerpt":{"rendered":"<p>&#8211; Uskoro &nbsp;kre\u0107u radovi u Ka\u0161tel Starom, gradi se lukobran i ure\u0111uje obala u postoje\u0107em portu s ukupno 9000 \u010detvornih [&hellip;]<\/p>\n","protected":false},"author":7,"featured_media":5412,"comment_status":"closed","ping_status":"open","sticky":false,"template":"","format":"standard","meta":{"_acf_changed":false,"footnotes":""},"categories":[1],"tags":[],"class_list":["post-5411","post","type-post","status-publish","format-standard","has-post-thumbnail","hentry","category-novosti"],"acf":[],"_links":{"self":[{"href":"https:\/\/kastela.hr\/en\/wp-json\/wp\/v2\/posts\/5411","targetHints":{"allow":["GET"]}}],"collection":[{"href":"https:\/\/kastela.hr\/en\/wp-json\/wp\/v2\/posts"}],"about":[{"href":"https:\/\/kastela.hr\/en\/wp-json\/wp\/v2\/types\/post"}],"author":[{"embeddable":true,"href":"https:\/\/kastela.hr\/en\/wp-json\/wp\/v2\/users\/7"}],"replies":[{"embeddable":true,"href":"https:\/\/kastela.hr\/en\/wp-json\/wp\/v2\/comments?post=5411"}],"version-history":[{"count":1,"href":"https:\/\/kastela.hr\/en\/wp-json\/wp\/v2\/posts\/5411\/revisions"}],"predecessor-version":[{"id":7098,"href":"https:\/\/kastela.hr\/en\/wp-json\/wp\/v2\/posts\/5411\/revisions\/7098"}],"wp:featuredmedia":[{"embeddable":true,"href":"https:\/\/kastela.hr\/en\/wp-json\/wp\/v2\/media\/5412"}],"wp:attachment":[{"href":"https:\/\/kastela.hr\/en\/wp-json\/wp\/v2\/media?parent=5411"}],"wp:term":[{"taxonomy":"category","embeddable":true,"href":"https:\/\/kastela.hr\/en\/wp-json\/wp\/v2\/categories?post=5411"},{"taxonomy":"post_tag","embeddable":true,"href":"https:\/\/kastela.hr\/en\/wp-json\/wp\/v2\/tags?post=5411"}],"curies":[{"name":"wp","href":"https:\/\/api.w.org\/{rel}","templated":true}]}}