{"id":5408,"date":"2019-12-24T06:07:00","date_gmt":"2019-12-24T05:07:00","guid":{"rendered":"https:\/\/kastela.hr\/en\/2019\/12\/24\/cestit-bozic-i-sretna-nova-godina-5\/"},"modified":"2024-08-29T10:48:10","modified_gmt":"2024-08-29T08:48:10","slug":"cestit-bozic-i-sretna-nova-godina-5","status":"publish","type":"post","link":"https:\/\/kastela.hr\/en\/2019\/12\/24\/cestit-bozic-i-sretna-nova-godina-5\/","title":{"rendered":"\u010cestit Bo\u017ei\u0107 i sretna Nova godina!"},"content":{"rendered":"<p>Po\u0161tovane sugra\u0111anke i sugra\u0111ani,<\/p>\n<p>upu\u0107ujemo vam \u010destitke povodom predstoje\u0107ih bo\u017ei\u0107nih i novogodi\u0161njih blagdana. Neka dani pred vama budu ispunjeni mirom, zadovoljstvom i sre\u0107om u krugu&nbsp;va\u0161ih najmilijih. Bo\u017ei\u0107 je simbol ljubavi i nade, mira i radosti &#8211; vrijeme obiteljskog okupljanja, prijateljskog susreta i pomaganja bli\u017enjima. Ovo sve\u010dano i radosno ozra\u010dje bo\u017ei\u0107nih blagdana neka ispuni va\u0161e dane i obiteljske domove zajedni\u0161tvom, me\u0111usobnim po\u0161tovanjem i ljubavlju.&nbsp;Uz bo\u017ei\u0107nu poruku koja nas upu\u0107uje na skromnost, zajedni\u0161tvo i dobrotu, potaknimo sebe i druge da prema bli\u017enjima budemo bolji, a prema bolesnima i napu\u0161tenima pravedniji i solidarniji.<\/p>\n<p>Uz \u017eelju da ove blagdane provedete u krugu svojih najmilijih u sre\u0107i i blagostanju, a da vam nadolaze\u0107a godina bude ispunjena zdravljem, osobnim zadovoljstvom i uspjehom, \u017eelimo vam blagoslovljen Bo\u017ei\u0107 i sretnu 2020. godinu.<\/p>\n<p>Gradona\u010delnik Denis Ivanovi\u0107 i predsjednik Gradskog vije\u0107a Ivan Udovi\u010di\u0107<\/p>\n<p>&nbsp;<\/p>\n<p>&nbsp;<\/p>\n","protected":false},"excerpt":{"rendered":"<p>Po\u0161tovane sugra\u0111anke i sugra\u0111ani, upu\u0107ujemo vam \u010destitke povodom predstoje\u0107ih bo\u017ei\u0107nih i novogodi\u0161njih blagdana. Neka dani pred vama budu ispunjeni mirom, [&hellip;]<\/p>\n","protected":false},"author":7,"featured_media":5409,"comment_status":"closed","ping_status":"open","sticky":false,"template":"","format":"standard","meta":{"_acf_changed":false,"footnotes":""},"categories":[1],"tags":[],"class_list":["post-5408","post","type-post","status-publish","format-standard","has-post-thumbnail","hentry","category-novosti"],"acf":[],"_links":{"self":[{"href":"https:\/\/kastela.hr\/en\/wp-json\/wp\/v2\/posts\/5408","targetHints":{"allow":["GET"]}}],"collection":[{"href":"https:\/\/kastela.hr\/en\/wp-json\/wp\/v2\/posts"}],"about":[{"href":"https:\/\/kastela.hr\/en\/wp-json\/wp\/v2\/types\/post"}],"author":[{"embeddable":true,"href":"https:\/\/kastela.hr\/en\/wp-json\/wp\/v2\/users\/7"}],"replies":[{"embeddable":true,"href":"https:\/\/kastela.hr\/en\/wp-json\/wp\/v2\/comments?post=5408"}],"version-history":[{"count":1,"href":"https:\/\/kastela.hr\/en\/wp-json\/wp\/v2\/posts\/5408\/revisions"}],"predecessor-version":[{"id":7097,"href":"https:\/\/kastela.hr\/en\/wp-json\/wp\/v2\/posts\/5408\/revisions\/7097"}],"wp:featuredmedia":[{"embeddable":true,"href":"https:\/\/kastela.hr\/en\/wp-json\/wp\/v2\/media\/5409"}],"wp:attachment":[{"href":"https:\/\/kastela.hr\/en\/wp-json\/wp\/v2\/media?parent=5408"}],"wp:term":[{"taxonomy":"category","embeddable":true,"href":"https:\/\/kastela.hr\/en\/wp-json\/wp\/v2\/categories?post=5408"},{"taxonomy":"post_tag","embeddable":true,"href":"https:\/\/kastela.hr\/en\/wp-json\/wp\/v2\/tags?post=5408"}],"curies":[{"name":"wp","href":"https:\/\/api.w.org\/{rel}","templated":true}]}}