{"id":5405,"date":"2019-12-27T05:58:00","date_gmt":"2019-12-27T04:58:00","guid":{"rendered":"https:\/\/kastela.hr\/en\/2019\/12\/27\/veceras-u-kastelima-nastupa-zeljko-bebek\/"},"modified":"2024-08-29T10:48:10","modified_gmt":"2024-08-29T08:48:10","slug":"veceras-u-kastelima-nastupa-zeljko-bebek","status":"publish","type":"post","link":"https:\/\/kastela.hr\/en\/2019\/12\/27\/veceras-u-kastelima-nastupa-zeljko-bebek\/","title":{"rendered":"Ve\u010deras u Ka\u0161telima nastupa \u017deljko Bebek"},"content":{"rendered":"<p>Legendarni \u017deljko Bebek ve\u010deras, 27. prosinca, u Novom parku u Ka\u0161tel Luk\u0161i\u0107u odr\u017eat \u0107e koncert s po\u010detkom u 21 sat na radost svoje brojne publike. Rije\u010d je o koncertu Gosta iznena\u0111enja koji je najavljen u okviru ovogodi\u0161njeg programa Adventa u Ka\u0161telima 2019.u organizaciji Grada Ka\u0161tela. Karizma i glas \u017deljka Bebeka osvajaju generacije ve\u0107 godinama, a bezvremenski hitovi poput &#39;Ima neka tajna veza&#39;, &#39;Selma&#39;, &#39;Na zadnjem sjedi\u0161tu moga auta&#39;, &#39;Ne spavaj mala moja&#39;, kao i one iz svoje dugogodi\u0161nje solisti\u010dke karijere, kao \u0161to su &#39;Da je sre\u0107e bilo&#39;, &#39;Laku no\u0107 svira\u010di&#39;, &#39;\u017duta ru\u017ea&#39;, &#39;Tijana&#39; pa sve do novijih &#39;Ja po kafanama&#39;, &#39;Gdje sam bio&#39;, &#39;Ono ne\u0161to na\u0161e&#39;, &#39;Ako voli\u0161 ovu \u017eenu&rsquo;, samo su neke od pjesama kojima \u0107e Bebek razveseliti ka\u0161telansku publiku. Ulaz je slobodan.<\/p>\n","protected":false},"excerpt":{"rendered":"<p>Legendarni \u017deljko Bebek ve\u010deras, 27. prosinca, u Novom parku u Ka\u0161tel Luk\u0161i\u0107u odr\u017eat \u0107e koncert s po\u010detkom u 21 sat [&hellip;]<\/p>\n","protected":false},"author":7,"featured_media":5406,"comment_status":"closed","ping_status":"open","sticky":false,"template":"","format":"standard","meta":{"_acf_changed":false,"footnotes":""},"categories":[1],"tags":[],"class_list":["post-5405","post","type-post","status-publish","format-standard","has-post-thumbnail","hentry","category-novosti"],"acf":[],"_links":{"self":[{"href":"https:\/\/kastela.hr\/en\/wp-json\/wp\/v2\/posts\/5405","targetHints":{"allow":["GET"]}}],"collection":[{"href":"https:\/\/kastela.hr\/en\/wp-json\/wp\/v2\/posts"}],"about":[{"href":"https:\/\/kastela.hr\/en\/wp-json\/wp\/v2\/types\/post"}],"author":[{"embeddable":true,"href":"https:\/\/kastela.hr\/en\/wp-json\/wp\/v2\/users\/7"}],"replies":[{"embeddable":true,"href":"https:\/\/kastela.hr\/en\/wp-json\/wp\/v2\/comments?post=5405"}],"version-history":[{"count":1,"href":"https:\/\/kastela.hr\/en\/wp-json\/wp\/v2\/posts\/5405\/revisions"}],"predecessor-version":[{"id":7096,"href":"https:\/\/kastela.hr\/en\/wp-json\/wp\/v2\/posts\/5405\/revisions\/7096"}],"wp:featuredmedia":[{"embeddable":true,"href":"https:\/\/kastela.hr\/en\/wp-json\/wp\/v2\/media\/5406"}],"wp:attachment":[{"href":"https:\/\/kastela.hr\/en\/wp-json\/wp\/v2\/media?parent=5405"}],"wp:term":[{"taxonomy":"category","embeddable":true,"href":"https:\/\/kastela.hr\/en\/wp-json\/wp\/v2\/categories?post=5405"},{"taxonomy":"post_tag","embeddable":true,"href":"https:\/\/kastela.hr\/en\/wp-json\/wp\/v2\/tags?post=5405"}],"curies":[{"name":"wp","href":"https:\/\/api.w.org\/{rel}","templated":true}]}}