{"id":5399,"date":"2019-12-30T07:12:00","date_gmt":"2019-12-30T06:12:00","guid":{"rendered":"https:\/\/kastela.hr\/en\/2019\/12\/30\/docek-nove-godine-uz-alena-nizetica\/"},"modified":"2024-08-29T10:48:10","modified_gmt":"2024-08-29T08:48:10","slug":"docek-nove-godine-uz-alena-nizetica","status":"publish","type":"post","link":"https:\/\/kastela.hr\/en\/2019\/12\/30\/docek-nove-godine-uz-alena-nizetica\/","title":{"rendered":"Do\u010dek Nove godine uz Alena Ni\u017eeti\u0107a"},"content":{"rendered":"<p>Ovoga ponedjeljka 30. prosinca s po\u010detkom u 17 sati u Novom parku u Ka\u0161tel Luk\u0161i\u0107u u okviru programa Adventa u Ka\u0161telima, za najmla\u0111e je organiziran najzabavniji rastanak sa starom godinom uz klauna \u0160arenka.<\/p>\n<p>U utorak, uo\u010di do\u010deka, ka\u0161telansku publiku zagrijat \u0107e Aritmija bend s po\u010detkom u 21 i 30, dok \u0107e sat vremena kasnije na pozornicu do\u0107i Alen Ni\u017eeti\u0107 i uvesti prisutne u Novu godinu.<\/p>\n<p>U petak, &nbsp;3. sije\u010dnja 2020. u Novom parku u Luk\u0161i\u0107u s po\u010detkom u 21 sati svi ljubitelji rocka mogu poslu\u0161ati nastup grupe Dreamers koji \u0107e izvoditi pjesme Azre, Bijelog dugmeta, Plavog orkestra i brojne druge hitove. Nastup je s 21. prosinca 2019. preba\u010den za prvi petak u novoj godini.&nbsp;<\/p>\n<p>&nbsp;<\/p>\n<p>&nbsp;<\/p>\n","protected":false},"excerpt":{"rendered":"<p>Ovoga ponedjeljka 30. prosinca s po\u010detkom u 17 sati u Novom parku u Ka\u0161tel Luk\u0161i\u0107u u okviru programa Adventa u [&hellip;]<\/p>\n","protected":false},"author":7,"featured_media":5400,"comment_status":"closed","ping_status":"open","sticky":false,"template":"","format":"standard","meta":{"_acf_changed":false,"footnotes":""},"categories":[1],"tags":[],"class_list":["post-5399","post","type-post","status-publish","format-standard","has-post-thumbnail","hentry","category-novosti"],"acf":[],"_links":{"self":[{"href":"https:\/\/kastela.hr\/en\/wp-json\/wp\/v2\/posts\/5399","targetHints":{"allow":["GET"]}}],"collection":[{"href":"https:\/\/kastela.hr\/en\/wp-json\/wp\/v2\/posts"}],"about":[{"href":"https:\/\/kastela.hr\/en\/wp-json\/wp\/v2\/types\/post"}],"author":[{"embeddable":true,"href":"https:\/\/kastela.hr\/en\/wp-json\/wp\/v2\/users\/7"}],"replies":[{"embeddable":true,"href":"https:\/\/kastela.hr\/en\/wp-json\/wp\/v2\/comments?post=5399"}],"version-history":[{"count":1,"href":"https:\/\/kastela.hr\/en\/wp-json\/wp\/v2\/posts\/5399\/revisions"}],"predecessor-version":[{"id":7094,"href":"https:\/\/kastela.hr\/en\/wp-json\/wp\/v2\/posts\/5399\/revisions\/7094"}],"wp:featuredmedia":[{"embeddable":true,"href":"https:\/\/kastela.hr\/en\/wp-json\/wp\/v2\/media\/5400"}],"wp:attachment":[{"href":"https:\/\/kastela.hr\/en\/wp-json\/wp\/v2\/media?parent=5399"}],"wp:term":[{"taxonomy":"category","embeddable":true,"href":"https:\/\/kastela.hr\/en\/wp-json\/wp\/v2\/categories?post=5399"},{"taxonomy":"post_tag","embeddable":true,"href":"https:\/\/kastela.hr\/en\/wp-json\/wp\/v2\/tags?post=5399"}],"curies":[{"name":"wp","href":"https:\/\/api.w.org\/{rel}","templated":true}]}}