{"id":5396,"date":"2020-01-02T12:39:00","date_gmt":"2020-01-02T11:39:00","guid":{"rendered":"https:\/\/kastela.hr\/en\/2020\/01\/02\/koncert-dreamersa-u-petak-u-nedjelju-psihomodo-pop\/"},"modified":"2024-08-29T10:48:10","modified_gmt":"2024-08-29T08:48:10","slug":"koncert-dreamersa-u-petak-u-nedjelju-psihomodo-pop","status":"publish","type":"post","link":"https:\/\/kastela.hr\/en\/2020\/01\/02\/koncert-dreamersa-u-petak-u-nedjelju-psihomodo-pop\/","title":{"rendered":"Koncert Dreamersa u petak, u nedjelju Psihomodo pop"},"content":{"rendered":"<p>U petak, &nbsp;3. sije\u010dnja 2020. u Novom parku u Luk\u0161i\u0107u s po\u010detkom u 21 sati svi ljubitelji rocka mogu poslu\u0161ati nastup grupe Dreamers koji \u0107e izvoditi pjesme Azre, Bijelog dugmeta, Plavog orkestra i brojne druge hitove. Nastup je s 21. prosinca 2019. preba\u010den za prvi petak u novoj godini.&nbsp;<\/p>\n<p>Ove nedjelje, 5. sije\u010dnja,&nbsp; u 21 sat svi su pozvani u luk\u0161i\u0107ki park na koncert Psihomodo popa. Ja volim samo sebe, Frida, Sve \u0107e biti u redu, Kad sam imao 16, Osje\u0107am se haj &ndash; to su neke od najpoznatijih pjesama koje \u0107e se sigurno i ovoga puta na\u0107i na repertoaru Davora Gobca i ekipe. Ovim koncertom zavr\u0161ava program ovogodi\u0161njeg Adventa u Ka\u0161telima. Ulaz je slobodan.&nbsp;<\/p>\n<p>&nbsp;<\/p>\n","protected":false},"excerpt":{"rendered":"<p>U petak, &nbsp;3. sije\u010dnja 2020. u Novom parku u Luk\u0161i\u0107u s po\u010detkom u 21 sati svi ljubitelji rocka mogu poslu\u0161ati [&hellip;]<\/p>\n","protected":false},"author":7,"featured_media":5397,"comment_status":"closed","ping_status":"open","sticky":false,"template":"","format":"standard","meta":{"_acf_changed":false,"footnotes":""},"categories":[1],"tags":[],"class_list":["post-5396","post","type-post","status-publish","format-standard","has-post-thumbnail","hentry","category-novosti"],"acf":[],"_links":{"self":[{"href":"https:\/\/kastela.hr\/en\/wp-json\/wp\/v2\/posts\/5396","targetHints":{"allow":["GET"]}}],"collection":[{"href":"https:\/\/kastela.hr\/en\/wp-json\/wp\/v2\/posts"}],"about":[{"href":"https:\/\/kastela.hr\/en\/wp-json\/wp\/v2\/types\/post"}],"author":[{"embeddable":true,"href":"https:\/\/kastela.hr\/en\/wp-json\/wp\/v2\/users\/7"}],"replies":[{"embeddable":true,"href":"https:\/\/kastela.hr\/en\/wp-json\/wp\/v2\/comments?post=5396"}],"version-history":[{"count":1,"href":"https:\/\/kastela.hr\/en\/wp-json\/wp\/v2\/posts\/5396\/revisions"}],"predecessor-version":[{"id":7093,"href":"https:\/\/kastela.hr\/en\/wp-json\/wp\/v2\/posts\/5396\/revisions\/7093"}],"wp:featuredmedia":[{"embeddable":true,"href":"https:\/\/kastela.hr\/en\/wp-json\/wp\/v2\/media\/5397"}],"wp:attachment":[{"href":"https:\/\/kastela.hr\/en\/wp-json\/wp\/v2\/media?parent=5396"}],"wp:term":[{"taxonomy":"category","embeddable":true,"href":"https:\/\/kastela.hr\/en\/wp-json\/wp\/v2\/categories?post=5396"},{"taxonomy":"post_tag","embeddable":true,"href":"https:\/\/kastela.hr\/en\/wp-json\/wp\/v2\/tags?post=5396"}],"curies":[{"name":"wp","href":"https:\/\/api.w.org\/{rel}","templated":true}]}}