{"id":5382,"date":"2020-01-03T11:29:00","date_gmt":"2020-01-03T10:29:00","guid":{"rendered":"https:\/\/kastela.hr\/en\/2020\/01\/03\/grad-kastela-dodijelio-stipendije-najuspjesnijim-ucenicima-i-studentima\/"},"modified":"2024-08-29T10:48:10","modified_gmt":"2024-08-29T08:48:10","slug":"grad-kastela-dodijelio-stipendije-najuspjesnijim-ucenicima-i-studentima","status":"publish","type":"post","link":"https:\/\/kastela.hr\/en\/2020\/01\/03\/grad-kastela-dodijelio-stipendije-najuspjesnijim-ucenicima-i-studentima\/","title":{"rendered":"Grad Ka\u0161tela dodijelio stipendije najuspje\u0161nijim u\u010denicima i studentima"},"content":{"rendered":"<p>Grad Ka\u0161tela ove je godine iz prora\u010duna izdvojio sredstva za 123 stipendije namijenjene u\u010denicima i studentima koji su ostvarili pravo na gradsku stipendiju. U Gradskoj vije\u0107nici svoje su ugovore danas potpisali ka\u0161telanski u\u010denici i studenti koji su ispunili sve potrebne uvjete.<\/p>\n<p>Od ukupnog broja stipendija za studente koje iznose 800 kuna mjese\u010dno tijekom akademske godine,&nbsp;jedna stipendija dodijeljena je prema socijalnom statusu, a sve ostale prema uspjehu. Od u\u010deni\u010dkih stipendija u iznosu od 400 kuna mjese\u010dno, njih 22 su prema uspjehu, a isto toliko prema socijalnom statusu i uspjehu.<\/p>\n<p>&#8211; Ovo su stvarno vrijedni u\u010denici i studenti za koje se nadam da \u0107e uspje\u0161no nastaviti i dalje, a Grad \u0107e ih sa zadovoljstvom pratiti, kako putem stipendija tako i drugih mjera kao \u0161to su nov\u010dane nagrade studentima i u\u010denicima, koji su iznimno uspje\u0161ni u pojedinim podru\u010djima djelovanja. Isto tako, prema odluci Gradskog vije\u0107a Grad \u0107e pomagati i studente u Erasmus projektima, odnosno studentima u razmjeni, a jedan od ciljeva je da uspje\u0161ne mlade ljude zadr\u017eimo u na\u0161em gradu &ndash; kazala je dogradona\u010delnica Jadranka Matok Bosan\u010di\u0107.<\/p>\n<p>Studentima i u\u010denicima zaostale stipendije od 1. rujna, bit \u0107e ispla\u0107ene krajem sije\u010dnja, a stipendije \u0107e primati zaklju\u010dno sa zavr\u0161etkom akademske i \u0161kolske godine.<\/p>\n<p>&nbsp;<\/p>\n<p>&nbsp;<\/p>\n","protected":false},"excerpt":{"rendered":"<p>Grad Ka\u0161tela ove je godine iz prora\u010duna izdvojio sredstva za 123 stipendije namijenjene u\u010denicima i studentima koji su ostvarili pravo [&hellip;]<\/p>\n","protected":false},"author":7,"featured_media":5383,"comment_status":"closed","ping_status":"open","sticky":false,"template":"","format":"standard","meta":{"_acf_changed":false,"footnotes":""},"categories":[1],"tags":[],"class_list":["post-5382","post","type-post","status-publish","format-standard","has-post-thumbnail","hentry","category-novosti"],"acf":[],"_links":{"self":[{"href":"https:\/\/kastela.hr\/en\/wp-json\/wp\/v2\/posts\/5382","targetHints":{"allow":["GET"]}}],"collection":[{"href":"https:\/\/kastela.hr\/en\/wp-json\/wp\/v2\/posts"}],"about":[{"href":"https:\/\/kastela.hr\/en\/wp-json\/wp\/v2\/types\/post"}],"author":[{"embeddable":true,"href":"https:\/\/kastela.hr\/en\/wp-json\/wp\/v2\/users\/7"}],"replies":[{"embeddable":true,"href":"https:\/\/kastela.hr\/en\/wp-json\/wp\/v2\/comments?post=5382"}],"version-history":[{"count":1,"href":"https:\/\/kastela.hr\/en\/wp-json\/wp\/v2\/posts\/5382\/revisions"}],"predecessor-version":[{"id":7092,"href":"https:\/\/kastela.hr\/en\/wp-json\/wp\/v2\/posts\/5382\/revisions\/7092"}],"wp:featuredmedia":[{"embeddable":true,"href":"https:\/\/kastela.hr\/en\/wp-json\/wp\/v2\/media\/5383"}],"wp:attachment":[{"href":"https:\/\/kastela.hr\/en\/wp-json\/wp\/v2\/media?parent=5382"}],"wp:term":[{"taxonomy":"category","embeddable":true,"href":"https:\/\/kastela.hr\/en\/wp-json\/wp\/v2\/categories?post=5382"},{"taxonomy":"post_tag","embeddable":true,"href":"https:\/\/kastela.hr\/en\/wp-json\/wp\/v2\/tags?post=5382"}],"curies":[{"name":"wp","href":"https:\/\/api.w.org\/{rel}","templated":true}]}}