{"id":5376,"date":"2020-01-16T06:30:00","date_gmt":"2020-01-16T05:30:00","guid":{"rendered":"https:\/\/kastela.hr\/en\/2020\/01\/16\/do-sutra-predlozite-kandidate-za-javna-priznanja-grada-kastela\/"},"modified":"2024-08-29T10:48:09","modified_gmt":"2024-08-29T08:48:09","slug":"do-sutra-predlozite-kandidate-za-javna-priznanja-grada-kastela","status":"publish","type":"post","link":"https:\/\/kastela.hr\/en\/2020\/01\/16\/do-sutra-predlozite-kandidate-za-javna-priznanja-grada-kastela\/","title":{"rendered":"Do sutra predlo\u017eite kandidate za javna priznanja Grada Ka\u0161tela"},"content":{"rendered":"<p>Na dan 27. prosinca 2019. god. u dnevnim novinama (Slobodna Dalmacija), objavljen je Poziv za podno\u0161enje prijedloga za dodjelu javnih priznanja Grada Ka\u0161tela 2019.god. Gradsko vije\u0107e Grada Ka\u0161tela povodom Dana Grada Ka\u0161tela, 4. o\u017eujka, zaslu\u017enim pojedincima, pravnim osobama i udrugama dodjeljuje javna priznanja:<\/p>\n<ul>\n<li>Nagrada Grada Ka\u0161tela za \u017eivotno djelo<\/li>\n<li>Godi\u0161nja nagrada Grada Ka\u0161tela, koja se dodjeljuje kao osobna nagrada, doma\u0107oj ili stranoj fizi\u010dkoj osobi i kao skupna nagrada doma\u0107oj ili stranoj pravnoj osobi, udruzi gra\u0111ana ili udru\u017eenjima gra\u0111ana Grada Ka\u0161tela<\/li>\n<li>Progla\u0161enje po\u010dasnim gra\u0111aninom Grada Ka\u0161tela<\/li>\n<li>Posebna nagrada za humanost, koja se dodjeljuje kao osobna nagrada &#8211; pojedincima i kao skupna nagrada &#8211; skupinama gra\u0111ana.<\/li>\n<\/ul>\n<p>Pravo podno\u0161enja prijedloga za dodjelu Javnih priznanja Grada Ka\u0161tela imaju vije\u0107nici Gradskog vije\u0107a, Gradona\u010delnik, doma\u0107e pravne osobe, udruge gra\u0111ana, vije\u0107a mjesnih odbora i najmanje deset gra\u0111ana koji imaju prebivali\u0161te na podru\u010dju Grada Ka\u0161tela.<\/p>\n<p>Prijedlog za dodjelu javnog priznanja Grada Ka\u0161tela podnosi se u pisanom obliku na propisanom obrascu, Komisiji za dodjelu javnih priznanja.<\/p>\n<p>Prijedlog za dodjelu javnog priznanja Grada Ka\u0161tela obvezno sadr\u017ei sljede\u0107e podatke: ime i prezime odnosno naziv podnositelja prijedloga, prebivali\u0161te ili sjedi\u0161te podnositelja prijedloga, osobno ime ili naziv fizi\u010dke ili pravne osobe na koju se prijedlog odnosi, \u017eivotopis, odnosno osnovne podatke o pravnoj ili fizi\u010dkoj osobi i njenom poslovanju, naziv javnog priznanja i podru\u010dje za koje se podnosi prijedlog te iscrpno obrazlo\u017eenje prijedloga odnosno postignu\u0107a i doprinosa radi kojih se predla\u017ee dodjela javnog priznanja Grada Ka\u0161tela (najmanje na jednom listu papira veli\u010dine A4, osim za prijedloge za posebnu nagradu iz \u010dlanka 8. Odluke) i izjavu kandidata o prihva\u0107anju kandidature.<\/p>\n<p>Uz prijedlog predlagatelj je obvezan prilo\u017eiti i odgovaraju\u0107u dokumentaciju kojom se potvr\u0111uju navodi iz prijedloga.<\/p>\n<p>Prijedlog, s prilo\u017eenom odgovaraju\u0107om dokumentacijom, dostavlja se zaklju\u010dno s danom <strong>17. sije\u010dnja (petak) 2020.<\/strong> g., na adresu: Grad Ka\u0161tela, Komisija za dodjelu javnih priznanja, 21212 Ka\u0161tel Su\u0107urac, Bra\u0107e Radi\u0107 1.<\/p>\n<p>Ovaj poziv objavljen je na Oglasnoj plo\u010di i slu\u017ebenoj stranici Grada Ka\u0161tela &#8211; www.kastela.hr<\/p>\n<p>Potrebne informacije mogu se dobiti na brojeve telefona: (021) 205-249 i 205-280.<\/p>\n<p>&nbsp;<\/p>\n<p>&nbsp;<\/p>\n","protected":false},"excerpt":{"rendered":"<p>Na dan 27. prosinca 2019. god. u dnevnim novinama (Slobodna Dalmacija), objavljen je Poziv za podno\u0161enje prijedloga za dodjelu javnih [&hellip;]<\/p>\n","protected":false},"author":7,"featured_media":5377,"comment_status":"closed","ping_status":"open","sticky":false,"template":"","format":"standard","meta":{"_acf_changed":false,"footnotes":""},"categories":[1],"tags":[],"class_list":["post-5376","post","type-post","status-publish","format-standard","has-post-thumbnail","hentry","category-novosti"],"acf":[],"_links":{"self":[{"href":"https:\/\/kastela.hr\/en\/wp-json\/wp\/v2\/posts\/5376","targetHints":{"allow":["GET"]}}],"collection":[{"href":"https:\/\/kastela.hr\/en\/wp-json\/wp\/v2\/posts"}],"about":[{"href":"https:\/\/kastela.hr\/en\/wp-json\/wp\/v2\/types\/post"}],"author":[{"embeddable":true,"href":"https:\/\/kastela.hr\/en\/wp-json\/wp\/v2\/users\/7"}],"replies":[{"embeddable":true,"href":"https:\/\/kastela.hr\/en\/wp-json\/wp\/v2\/comments?post=5376"}],"version-history":[{"count":1,"href":"https:\/\/kastela.hr\/en\/wp-json\/wp\/v2\/posts\/5376\/revisions"}],"predecessor-version":[{"id":7086,"href":"https:\/\/kastela.hr\/en\/wp-json\/wp\/v2\/posts\/5376\/revisions\/7086"}],"wp:featuredmedia":[{"embeddable":true,"href":"https:\/\/kastela.hr\/en\/wp-json\/wp\/v2\/media\/5377"}],"wp:attachment":[{"href":"https:\/\/kastela.hr\/en\/wp-json\/wp\/v2\/media?parent=5376"}],"wp:term":[{"taxonomy":"category","embeddable":true,"href":"https:\/\/kastela.hr\/en\/wp-json\/wp\/v2\/categories?post=5376"},{"taxonomy":"post_tag","embeddable":true,"href":"https:\/\/kastela.hr\/en\/wp-json\/wp\/v2\/tags?post=5376"}],"curies":[{"name":"wp","href":"https:\/\/api.w.org\/{rel}","templated":true}]}}