{"id":5373,"date":"2020-01-14T05:44:00","date_gmt":"2020-01-14T04:44:00","guid":{"rendered":"https:\/\/kastela.hr\/en\/2020\/01\/14\/audicija-za-gradski-djecji-zbor-kastelanski-tici\/"},"modified":"2024-08-29T10:48:10","modified_gmt":"2024-08-29T08:48:10","slug":"audicija-za-gradski-djecji-zbor-kastelanski-tici","status":"publish","type":"post","link":"https:\/\/kastela.hr\/en\/2020\/01\/14\/audicija-za-gradski-djecji-zbor-kastelanski-tici\/","title":{"rendered":"Audicija za Gradski dje\u010dji zbor Ka\u0161telanski ti\u0107i"},"content":{"rendered":"<p>U subotu 18. sije\u010dnja 2020. g. u 16.00 sati odr\u017eat \u0107e se audicija za nove pjeva\u010de Gradskog dje\u010djeg zbora Ka\u0161telanski ti\u0107i, u prostorijama HPD &bdquo;Bija\u0107ka vila&ldquo; &ndash; Ka\u0161tela (Ka\u0161tel Stari, Obala kralja Tomislava 53, 1. kat). Na audiciju se mogu prijaviti djeca osnovno\u0161kolskog uzrasta (od 1. do 8. razreda). Poznavanje notnog pisma nije potrebno, potrebna je dobra volja i ljubav prema pjevanju.<\/p>\n<p>Gradski dje\u010dji zbor Ka\u0161telanski ti\u0107i osnovan je u velja\u010di 2019. godine, a broji \u010detrdesetak \u010dlanova osnovno\u0161kolskog uzrasta (od prvog do osmog razreda). Ka\u0161telanski ti\u0107i su interni nastup imali ve\u0107 u svibnju, a do kraja 2019. godine imali su niz zapa\u017eenih nastupa na sv. Ante festu u Drni\u0161u (lipanj), zavr\u0161nom koncertu s HPD &bdquo;Bija\u0107ka vila&ldquo; &ndash; Ka\u0161tela, bo\u017ei\u0107nom koncertu u crkvi sv. Petra u Ka\u0161tel Novom, a pozvani su i kao demonstracijski dje\u010dji zbor na seminar za dirigente i voditelje zborova u okviru druge regionalne smotre Canta Dalmatia.<\/p>\n<p>Umjetni\u010dki voditelj i dirigent Ka\u0161telanskih ti\u0107a je maestro Andro \u010calo, uz asistenciju Lucije Pera.<\/p>\n<p>Sve dodatne informacije mogu se dobiti na broj 098303156.<\/p>\n<p>&nbsp;<\/p>\n","protected":false},"excerpt":{"rendered":"<p>U subotu 18. sije\u010dnja 2020. g. u 16.00 sati odr\u017eat \u0107e se audicija za nove pjeva\u010de Gradskog dje\u010djeg zbora Ka\u0161telanski [&hellip;]<\/p>\n","protected":false},"author":7,"featured_media":5374,"comment_status":"closed","ping_status":"open","sticky":false,"template":"","format":"standard","meta":{"_acf_changed":false,"footnotes":""},"categories":[1],"tags":[],"class_list":["post-5373","post","type-post","status-publish","format-standard","has-post-thumbnail","hentry","category-novosti"],"acf":[],"_links":{"self":[{"href":"https:\/\/kastela.hr\/en\/wp-json\/wp\/v2\/posts\/5373","targetHints":{"allow":["GET"]}}],"collection":[{"href":"https:\/\/kastela.hr\/en\/wp-json\/wp\/v2\/posts"}],"about":[{"href":"https:\/\/kastela.hr\/en\/wp-json\/wp\/v2\/types\/post"}],"author":[{"embeddable":true,"href":"https:\/\/kastela.hr\/en\/wp-json\/wp\/v2\/users\/7"}],"replies":[{"embeddable":true,"href":"https:\/\/kastela.hr\/en\/wp-json\/wp\/v2\/comments?post=5373"}],"version-history":[{"count":1,"href":"https:\/\/kastela.hr\/en\/wp-json\/wp\/v2\/posts\/5373\/revisions"}],"predecessor-version":[{"id":7090,"href":"https:\/\/kastela.hr\/en\/wp-json\/wp\/v2\/posts\/5373\/revisions\/7090"}],"wp:featuredmedia":[{"embeddable":true,"href":"https:\/\/kastela.hr\/en\/wp-json\/wp\/v2\/media\/5374"}],"wp:attachment":[{"href":"https:\/\/kastela.hr\/en\/wp-json\/wp\/v2\/media?parent=5373"}],"wp:term":[{"taxonomy":"category","embeddable":true,"href":"https:\/\/kastela.hr\/en\/wp-json\/wp\/v2\/categories?post=5373"},{"taxonomy":"post_tag","embeddable":true,"href":"https:\/\/kastela.hr\/en\/wp-json\/wp\/v2\/tags?post=5373"}],"curies":[{"name":"wp","href":"https:\/\/api.w.org\/{rel}","templated":true}]}}