{"id":5367,"date":"2020-01-14T07:04:00","date_gmt":"2020-01-14T06:04:00","guid":{"rendered":"https:\/\/kastela.hr\/en\/2020\/01\/14\/zeleno-i-modro-nastavlja-s-podjelom-spremnika-za-mijesani-komunalni-otpad\/"},"modified":"2024-08-29T10:48:09","modified_gmt":"2024-08-29T08:48:09","slug":"zeleno-i-modro-nastavlja-s-podjelom-spremnika-za-mijesani-komunalni-otpad","status":"publish","type":"post","link":"https:\/\/kastela.hr\/en\/2020\/01\/14\/zeleno-i-modro-nastavlja-s-podjelom-spremnika-za-mijesani-komunalni-otpad\/","title":{"rendered":"Zeleno i modro nastavlja s podjelom spremnika za mije\u0161ani komunalni otpad"},"content":{"rendered":"<p>Nakon \u0161to su spremnici podijeljeni u Ka\u0161tel Su\u0107urcu, a zapo\u010dela je i podjela u Ka\u0161tel \u0160tafili\u0107u, gradska komunalna tvrtka Zeleno i modro priprema koordiniranu akciju paralelnog dijeljenja spremnika za mije\u0161ani komunalni otpad na podru\u010dju preostalog dijela Ka\u0161tela.<\/p>\n<p>&#8211; Kako bismo uspostavili cjeloviti sustav gospodarenja otpadom sredinom rujna 2019. godine smo zapo\u010deli s projektom &bdquo;Svaka ku\u0107a, svoja kanta&ldquo; i&nbsp; podjelom individualnih spremnika na podru\u010dju Ka\u0161tel Su\u0107urca, te smo dosad podijelili 2000 individualnih spremnika uz koje su gra\u0111ani dobili i vre\u0107ice za odvojeno prikupljanje papira i plastike. Spremnici za mije\u0161ani komunalni otpad su \u010dipirani te se svako pra\u017enjenje evidentira \u010dime je ujedno uspostavljena elektronska evidencija pra\u017enjenja spremnika te gra\u0111ani u svakom trenutku mogu dobiti na uvid podatke o pra\u017enjenju spremnika na svom obra\u010dunskom mjestu &ndash; isti\u010de direktor tvrtke Zeleno i modro, Alen Lu\u010di\u0107.<\/p>\n<p>Za sva podru\u010dja na kojima su podijeljeni individualni spremnici je uspostavljen kalendar odvoza za mije\u0161ani komunalni otpad, te papir i plastiku. Na istim tim podru\u010djima ujedno su uklonjeni spremnici s javnih povr\u0161ina.<\/p>\n<p>&#8211; Kroz sije\u010danj ove godine u sklopu projekta &bdquo;Svaka ku\u0107a, svoja kanta&ldquo; zapo\u010deli smo dijeliti spremnike na podru\u010dju Ka\u0161tel \u0160tafili\u0107a. Uz spremnike za mije\u0161ani komunalni otpad dijele se i vre\u0107ice za papir i plastiku. Od velja\u010de kre\u0107emo sa paralelnom podjelom svim korisnicima sa \u0161est ekipa u sklopu projektnog tima &bdquo;Svaka ku\u0107a svoja kanta&ldquo; kako bi u \u0161to kra\u0107em roku svim korisnicima omogu\u0107ili individualne spremnike. Spremnici se za sada dijele kroz jutro i rano poslijepodne a nakon \u0161to &bdquo;dan&nbsp; produ\u017ei&ldquo; spremnike \u0107emo dijeliti tijekom cijelog dana -zaklju\u010dio je Lu\u010di\u0107.<\/p>\n<p>&nbsp;<\/p>\n","protected":false},"excerpt":{"rendered":"<p>Nakon \u0161to su spremnici podijeljeni u Ka\u0161tel Su\u0107urcu, a zapo\u010dela je i podjela u Ka\u0161tel \u0160tafili\u0107u, gradska komunalna tvrtka Zeleno [&hellip;]<\/p>\n","protected":false},"author":7,"featured_media":5368,"comment_status":"closed","ping_status":"open","sticky":false,"template":"","format":"standard","meta":{"_acf_changed":false,"footnotes":""},"categories":[1],"tags":[],"class_list":["post-5367","post","type-post","status-publish","format-standard","has-post-thumbnail","hentry","category-novosti"],"acf":[],"_links":{"self":[{"href":"https:\/\/kastela.hr\/en\/wp-json\/wp\/v2\/posts\/5367","targetHints":{"allow":["GET"]}}],"collection":[{"href":"https:\/\/kastela.hr\/en\/wp-json\/wp\/v2\/posts"}],"about":[{"href":"https:\/\/kastela.hr\/en\/wp-json\/wp\/v2\/types\/post"}],"author":[{"embeddable":true,"href":"https:\/\/kastela.hr\/en\/wp-json\/wp\/v2\/users\/7"}],"replies":[{"embeddable":true,"href":"https:\/\/kastela.hr\/en\/wp-json\/wp\/v2\/comments?post=5367"}],"version-history":[{"count":1,"href":"https:\/\/kastela.hr\/en\/wp-json\/wp\/v2\/posts\/5367\/revisions"}],"predecessor-version":[{"id":7088,"href":"https:\/\/kastela.hr\/en\/wp-json\/wp\/v2\/posts\/5367\/revisions\/7088"}],"wp:featuredmedia":[{"embeddable":true,"href":"https:\/\/kastela.hr\/en\/wp-json\/wp\/v2\/media\/5368"}],"wp:attachment":[{"href":"https:\/\/kastela.hr\/en\/wp-json\/wp\/v2\/media?parent=5367"}],"wp:term":[{"taxonomy":"category","embeddable":true,"href":"https:\/\/kastela.hr\/en\/wp-json\/wp\/v2\/categories?post=5367"},{"taxonomy":"post_tag","embeddable":true,"href":"https:\/\/kastela.hr\/en\/wp-json\/wp\/v2\/tags?post=5367"}],"curies":[{"name":"wp","href":"https:\/\/api.w.org\/{rel}","templated":true}]}}