{"id":5361,"date":"2020-01-21T12:00:00","date_gmt":"2020-01-21T11:00:00","guid":{"rendered":"https:\/\/kastela.hr\/en\/2020\/01\/21\/kastelansko-izaslanstvo-na-obiljezavanju-27-godina-od-akcije-maslenica\/"},"modified":"2024-08-29T10:48:09","modified_gmt":"2024-08-29T08:48:09","slug":"kastelansko-izaslanstvo-na-obiljezavanju-27-godina-od-akcije-maslenica","status":"publish","type":"post","link":"https:\/\/kastela.hr\/en\/2020\/01\/21\/kastelansko-izaslanstvo-na-obiljezavanju-27-godina-od-akcije-maslenica\/","title":{"rendered":"Ka\u0161telansko izaslanstvo na obilje\u017eavanju 27 godina od akcije Maslenica"},"content":{"rendered":"<p>Sve\u010dano obilje\u017eavanje vojno redarstvene operacija Maslenica zapo\u010delo je ovoga ponedjeljka, a tijekom predstoje\u0107ih dana u Zadru i okolici tim povodom je planiran cijeli niz doga\u0111anja. Ratnih dana prije 27 godina i ove je godine se prisjetilo izaslanstvo Grada Ka\u0161tela, koje su \u010dinili potpredsjednica Gradskog vije\u0107a Doris Grgurin, predsjednik koordinacije braniteljskih udruga Mirko Su\u0161ac te Dragan Bo\u017ein.<\/p>\n<p>Ovih dana Maslenicu, Zadar i zadarsko zale\u0111e posjetili su brojni hrvatski branitelji i predstavnici razli\u010ditih udruga proisteklih iz Domovinskog rata pa tako i iz Ka\u0161tela, predstavnici lokalnih i dr\u017eavnih vlasti, me\u0111u njima i ministar obrane Damir Krsti\u010devi\u0107 te ministri branitelja Tomislav Medved i unutarnjih poslova Davor Bo\u017einovi\u0107 te ostali, koji su ujedno sudjelovali u prigodnom programu.<\/p>\n<p>Ka\u0161telansko izaslanstvo polo\u017eilo je vijence u Ka\u0161i\u0107u, u Islamu Latinskom, kod Zelenog hrasta, u Posedarju te kod spomen obilje\u017eja na Masleni\u010dkom mostu, a sudjelovali su i na misi zadu\u0161nici za sve poginule hrvatske branitelje u \u017eupnoj crkvi u Jesenicama.<\/p>\n<p>&nbsp;<\/p>\n<p>&nbsp;<\/p>\n","protected":false},"excerpt":{"rendered":"<p>Sve\u010dano obilje\u017eavanje vojno redarstvene operacija Maslenica zapo\u010delo je ovoga ponedjeljka, a tijekom predstoje\u0107ih dana u Zadru i okolici tim povodom [&hellip;]<\/p>\n","protected":false},"author":7,"featured_media":5362,"comment_status":"closed","ping_status":"open","sticky":false,"template":"","format":"standard","meta":{"_acf_changed":false,"footnotes":""},"categories":[1],"tags":[],"class_list":["post-5361","post","type-post","status-publish","format-standard","has-post-thumbnail","hentry","category-novosti"],"acf":[],"_links":{"self":[{"href":"https:\/\/kastela.hr\/en\/wp-json\/wp\/v2\/posts\/5361","targetHints":{"allow":["GET"]}}],"collection":[{"href":"https:\/\/kastela.hr\/en\/wp-json\/wp\/v2\/posts"}],"about":[{"href":"https:\/\/kastela.hr\/en\/wp-json\/wp\/v2\/types\/post"}],"author":[{"embeddable":true,"href":"https:\/\/kastela.hr\/en\/wp-json\/wp\/v2\/users\/7"}],"replies":[{"embeddable":true,"href":"https:\/\/kastela.hr\/en\/wp-json\/wp\/v2\/comments?post=5361"}],"version-history":[{"count":1,"href":"https:\/\/kastela.hr\/en\/wp-json\/wp\/v2\/posts\/5361\/revisions"}],"predecessor-version":[{"id":7085,"href":"https:\/\/kastela.hr\/en\/wp-json\/wp\/v2\/posts\/5361\/revisions\/7085"}],"wp:featuredmedia":[{"embeddable":true,"href":"https:\/\/kastela.hr\/en\/wp-json\/wp\/v2\/media\/5362"}],"wp:attachment":[{"href":"https:\/\/kastela.hr\/en\/wp-json\/wp\/v2\/media?parent=5361"}],"wp:term":[{"taxonomy":"category","embeddable":true,"href":"https:\/\/kastela.hr\/en\/wp-json\/wp\/v2\/categories?post=5361"},{"taxonomy":"post_tag","embeddable":true,"href":"https:\/\/kastela.hr\/en\/wp-json\/wp\/v2\/tags?post=5361"}],"curies":[{"name":"wp","href":"https:\/\/api.w.org\/{rel}","templated":true}]}}