{"id":5358,"date":"2020-01-22T07:39:00","date_gmt":"2020-01-22T06:39:00","guid":{"rendered":"https:\/\/kastela.hr\/en\/2020\/01\/22\/program-manifestacije-noc-muzeja-u-kastelima\/"},"modified":"2024-08-29T10:48:09","modified_gmt":"2024-08-29T08:48:09","slug":"program-manifestacije-noc-muzeja-u-kastelima","status":"publish","type":"post","link":"https:\/\/kastela.hr\/en\/2020\/01\/22\/program-manifestacije-noc-muzeja-u-kastelima\/","title":{"rendered":"Program manifestacije No\u0107 muzeja u Ka\u0161telima"},"content":{"rendered":"<p>Ove godine&nbsp;odr\u017eat \u0107e se 15. po redu NO\u0106 MUZEJA, manifestacija &nbsp;koja je zapo\u010dela 2005. godine s nekolicinom zagreba\u010dkih muzeja, da bi tijekom proteklih godina prerasla u najzna\u010dajniju manifestaciju hrvatskih muzeja. Ovogodi\u0161nja manifestacija u znaku je velikih obljetnica hrvatskih muzeja, a zapo\u010dinje 31. sije\u010dnja pa je svoj program predstavio i Muzej grada Ka\u0161tela koji \u0107e se odr\u017eavati u dvorcu Vitturi u Ka\u0161tel Luk\u0161i\u0107u i Nadbiskupskom ka\u0161telu u Ka\u0161tel Su\u0107urcu.<\/p>\n<p>&nbsp;<\/p>\n<p>&nbsp;<\/p>\n<p>&nbsp;<\/p>\n","protected":false},"excerpt":{"rendered":"<p>Ove godine&nbsp;odr\u017eat \u0107e se 15. po redu NO\u0106 MUZEJA, manifestacija &nbsp;koja je zapo\u010dela 2005. godine s nekolicinom zagreba\u010dkih muzeja, da [&hellip;]<\/p>\n","protected":false},"author":7,"featured_media":5359,"comment_status":"closed","ping_status":"open","sticky":false,"template":"","format":"standard","meta":{"_acf_changed":false,"footnotes":""},"categories":[1],"tags":[],"class_list":["post-5358","post","type-post","status-publish","format-standard","has-post-thumbnail","hentry","category-novosti"],"acf":[],"_links":{"self":[{"href":"https:\/\/kastela.hr\/en\/wp-json\/wp\/v2\/posts\/5358","targetHints":{"allow":["GET"]}}],"collection":[{"href":"https:\/\/kastela.hr\/en\/wp-json\/wp\/v2\/posts"}],"about":[{"href":"https:\/\/kastela.hr\/en\/wp-json\/wp\/v2\/types\/post"}],"author":[{"embeddable":true,"href":"https:\/\/kastela.hr\/en\/wp-json\/wp\/v2\/users\/7"}],"replies":[{"embeddable":true,"href":"https:\/\/kastela.hr\/en\/wp-json\/wp\/v2\/comments?post=5358"}],"version-history":[{"count":1,"href":"https:\/\/kastela.hr\/en\/wp-json\/wp\/v2\/posts\/5358\/revisions"}],"predecessor-version":[{"id":7084,"href":"https:\/\/kastela.hr\/en\/wp-json\/wp\/v2\/posts\/5358\/revisions\/7084"}],"wp:featuredmedia":[{"embeddable":true,"href":"https:\/\/kastela.hr\/en\/wp-json\/wp\/v2\/media\/5359"}],"wp:attachment":[{"href":"https:\/\/kastela.hr\/en\/wp-json\/wp\/v2\/media?parent=5358"}],"wp:term":[{"taxonomy":"category","embeddable":true,"href":"https:\/\/kastela.hr\/en\/wp-json\/wp\/v2\/categories?post=5358"},{"taxonomy":"post_tag","embeddable":true,"href":"https:\/\/kastela.hr\/en\/wp-json\/wp\/v2\/tags?post=5358"}],"curies":[{"name":"wp","href":"https:\/\/api.w.org\/{rel}","templated":true}]}}