{"id":5343,"date":"2020-01-23T11:26:00","date_gmt":"2020-01-23T10:26:00","guid":{"rendered":"https:\/\/kastela.hr\/en\/2020\/01\/23\/u-kastelima-aktivno-desetak-gradilista-gradonacelnik-denis-ivanovic-obisao-radove\/"},"modified":"2024-08-29T10:48:09","modified_gmt":"2024-08-29T08:48:09","slug":"u-kastelima-aktivno-desetak-gradilista-gradonacelnik-denis-ivanovic-obisao-radove","status":"publish","type":"post","link":"https:\/\/kastela.hr\/en\/2020\/01\/23\/u-kastelima-aktivno-desetak-gradilista-gradonacelnik-denis-ivanovic-obisao-radove\/","title":{"rendered":"U Ka\u0161telima aktivno desetak gradili\u0161ta, gradona\u010delnik Denis Ivanovi\u0107 obi\u0161ao radove"},"content":{"rendered":"<p>Na podru\u010dju grada Ka\u0161tela trenutno su u tijeku radovi na desetak gradili\u0161ta. Gradona\u010delnik Denis Ivanovi\u0107 zajedno sa svojim suradnicima danas je obi\u0161ao neka od njih. Provjerio je kako napreduju radovi na ure\u0111enju vile Nika u Ka\u0161tel Starom, mrtva\u010dnice u Ka\u0161tel Luk\u0161i\u0107u, groblja u Ka\u0161tel Kambelovcu i Ka\u0161tilca u Ka\u0161tel Gomilici.<\/p>\n<p>&#8211; Vila Nika u Ka\u0161tel Starom idu\u0107e godine, nakon obnove, zasjat \u0107e punim sjajem. Ova secesijska gra\u0111evina \u0107e imati poslovno-dru\u0161tvenu namjenu. U njoj \u0107e se smjestiti kavana u prizemlju, uredi Turisti\u010dke zajednice i vi\u0161enamjenska dvorana na prvom katu s pomo\u0107nim prostorijama. Ukupna vrijednost radova je ne\u0161to ve\u0107a od 4,5 milijuna kuna. U Ka\u0161tel Luk\u0161i\u0107u u tijeku je dogradnja mrtva\u010dnice. Dogra\u0111uju se sanitarni \u010dvorovi, skladi\u0161te i hladnja\u010da. Rije\u010d je o projektu u vrijednosti 200 000 kuna, dok se u pro\u0161irenje groblja u Ka\u0161tel Kambelovcu ula\u017ee 9, 2 milijuna kuna &ndash; kazao je gradona\u010delnik Ivanovi\u0107.<\/p>\n<p>Za potrebe pro\u0161irenja groblja, Grad Ka\u0161tela je od privatnih vlasnika otkupio 5197 metara \u010detvornih zemlji\u0161ta. Ova investicija \u0107e donijeti novo grobno polje na istoku od postoje\u0107eg podru\u010dja s grobnicama, a u novom polju izgradit \u0107e se grobnice koje \u0107e imati tri i \u0161est ukopnih mjesta, \u010dime \u0107e se dobiti novih 150 grobnih mjesta. Na novom podru\u010dju uredit \u0107e se staze, ogradni zidovi, odgovaraju\u0107e zelenilo te&nbsp;osigurati pripadaju\u0107a oprema. Osim toga, u tijeku je izgradnja grobnica na dijelu postoje\u0107eg groblja u Ka\u0161tel Gomilici u \u0161to \u0107e Grad ulo\u017eiti vi\u0161e od 580 000 kuna. Planira se 12 grobnica s 45 ukopnih mjesta, a radovi \u0107e zavr\u0161iti do polovine o\u017eujka.<\/p>\n<p>Nakon obilaska radova na pro\u0161irenju groblja, gradona\u010delnik je obi\u0161ao i obnovljenu Opati\u010dku ku\u0107u u Ka\u0161tel Gomilici. &nbsp;<\/p>\n<p>&#8211; Objekt je saniran pod nadzorom konzervatora i to u dvije faze. Najprije je izvedena konstruktivna i gra\u0111evinska sanacija krovi\u0161ta, sanacija me\u0111ukatnih konstrukcija te zavr\u0161ni radovi. Osim Opati\u010dke ku\u0107e, prije tri godine sanirana je i kula Ka\u0161tilac, tako da je ukupno u ovaj objekt ulo\u017eeno gotovo 3,5 milijuna kuna. Cijela kula dio je projekta Perpetuum ba\u0161tine te o\u010dekujemo njegovo budu\u0107e oplemenjivanje i sanaciju u suradnji s vlasnicima privatnih objekata, a iz sredstava Europske unije &ndash; istaknuo je gradona\u010delnik.<\/p>\n<p>Pro\u010delnica Marija Pelivan isti\u010de kako ima jo\u0161 aktivnih lokacija na kojima su u tijeku radovi.<\/p>\n<p>&#8211; Radovi u Ulici Koludrovac u Ka\u0161tel \u0160tafili\u0107u obuhva\u0107aju izgradnju mre\u017ee fekalne i oborinske odvodnje i rekonstrukciju vodoopskrbnog cjevovoda. Ukupna vrijednost radova je preko 5,3 milijuna kuna, a sve \u0107e biti gotovo do turisti\u010dke sezone. Tako\u0111er, ure\u0111uje se autobusno stajali\u0161te na ju\u017enom nogostupu uz Cestu dr. Franje Tu\u0111mana u neposrednoj blizini tvrtke Cemex. Zavr\u0161eni su radovi na ure\u0111enju ceste na ulazu u grad iz smjera Solina do trgova\u010dkog centra za \u0161to je Grad izdvojio vi\u0161e od 4, 5 milijuna kuna bez PDV-a, a u ovoj godini raspisat \u0107e se natje\u010daj za izvo\u0111enje radova na preostalom dijelu do ambulante u Ka\u0161tel Su\u0107urcu &ndash; poja\u0161njava pro\u010delnica Pelivan dodaju\u0107i kako su zavr\u0161eni radovi na ure\u0111enju nogostupa i potpornih zidova u Ka\u0161tel Gomilici na postoje\u0107oj cesti.<\/p>\n<p>&nbsp;<\/p>\n<p>&nbsp;<\/p>\n<p>&nbsp;<\/p>\n","protected":false},"excerpt":{"rendered":"<p>Na podru\u010dju grada Ka\u0161tela trenutno su u tijeku radovi na desetak gradili\u0161ta. Gradona\u010delnik Denis Ivanovi\u0107 zajedno sa svojim suradnicima danas [&hellip;]<\/p>\n","protected":false},"author":7,"featured_media":5344,"comment_status":"closed","ping_status":"open","sticky":false,"template":"","format":"standard","meta":{"_acf_changed":false,"footnotes":""},"categories":[1],"tags":[],"class_list":["post-5343","post","type-post","status-publish","format-standard","has-post-thumbnail","hentry","category-novosti"],"acf":[],"_links":{"self":[{"href":"https:\/\/kastela.hr\/en\/wp-json\/wp\/v2\/posts\/5343","targetHints":{"allow":["GET"]}}],"collection":[{"href":"https:\/\/kastela.hr\/en\/wp-json\/wp\/v2\/posts"}],"about":[{"href":"https:\/\/kastela.hr\/en\/wp-json\/wp\/v2\/types\/post"}],"author":[{"embeddable":true,"href":"https:\/\/kastela.hr\/en\/wp-json\/wp\/v2\/users\/7"}],"replies":[{"embeddable":true,"href":"https:\/\/kastela.hr\/en\/wp-json\/wp\/v2\/comments?post=5343"}],"version-history":[{"count":1,"href":"https:\/\/kastela.hr\/en\/wp-json\/wp\/v2\/posts\/5343\/revisions"}],"predecessor-version":[{"id":7083,"href":"https:\/\/kastela.hr\/en\/wp-json\/wp\/v2\/posts\/5343\/revisions\/7083"}],"wp:featuredmedia":[{"embeddable":true,"href":"https:\/\/kastela.hr\/en\/wp-json\/wp\/v2\/media\/5344"}],"wp:attachment":[{"href":"https:\/\/kastela.hr\/en\/wp-json\/wp\/v2\/media?parent=5343"}],"wp:term":[{"taxonomy":"category","embeddable":true,"href":"https:\/\/kastela.hr\/en\/wp-json\/wp\/v2\/categories?post=5343"},{"taxonomy":"post_tag","embeddable":true,"href":"https:\/\/kastela.hr\/en\/wp-json\/wp\/v2\/tags?post=5343"}],"curies":[{"name":"wp","href":"https:\/\/api.w.org\/{rel}","templated":true}]}}