{"id":5252,"date":"2020-03-03T10:12:00","date_gmt":"2020-03-03T09:12:00","guid":{"rendered":"https:\/\/kastela.hr\/en\/2020\/03\/03\/izlozba-zambratija-prapovijesni-sivani-brod\/"},"modified":"2024-08-29T10:48:09","modified_gmt":"2024-08-29T08:48:09","slug":"izlozba-zambratija-prapovijesni-sivani-brod","status":"publish","type":"post","link":"https:\/\/kastela.hr\/en\/2020\/03\/03\/izlozba-zambratija-prapovijesni-sivani-brod\/","title":{"rendered":"Izlo\u017eba \u201eZambratija \u2013 prapovijesni \u0161ivani brod\u201c"},"content":{"rendered":"<p>Muzej grada Ka\u0161tela \u0107e povodom obilje\u017eavanja Dana grada Ka\u0161tela 2020., ugostiti izlo\u017ebu &bdquo;Zambratija &ndash; prapovijesni \u0161ivani brod&ldquo; Arheolo\u0161kog muzeja Istre. Rije\u010d je o izlo\u017ebi koja je privukla veliki interes javnosti i koja je gostovala u vi\u0161e muzeja u Hrvatskoj (Zagreb, Dubrovnik, \u0160ibenik i Zadar). 2017. godine autori su dobili priznanje Hrvatskog muzejskog dru\u0161tva za realiziranu izlo\u017ebu i godi\u0161nju nagradu Hrvatskog arheolo\u0161kog dru\u0161tva.<\/p>\n<p>Izlo\u017ebom su prikazani rezultati podmorskog arheolo\u0161kog istra\u017eivanja brodske konstrukcije iz razdoblja prijelaza iz bron\u010danog u \u017eeljezno doba, ra\u0111enog tehnikom \u0161ivanja u uvali Zambratija kod Umaga. Zbog arhitektonskih karakteristika i datacije, ovaj \u0161ivani brod zasad nema analogija na \u010ditavom Mediteranu. Izlo\u017eba je nastala kao rezultat hrvatsko-francuske suradnje, a potpisuju je autori <a href=\"http:\/\/dr.sc\">dr.sc<\/a>. Ida Koncani Uha\u010d iz Arheolo\u0161kog muzeja Istre, dr. sc. Giulia Boetto iz Centra Camille Jullian (CNRS, Sveu\u010dili\u0161te Aix-Marseille) i Marko Uha\u010d iz Konzervatorskog odjela u Puli &ndash; Ministarstvo kulture RH. Izlo\u017ebu \u0107e otvoriti Ljubomir Radi\u0107, ravnatelj Hrvatskog pomorskog muzeja.<\/p>\n<p>Izlo\u017eba \u0107e biti otvorena 5. o\u017eujka 2020. u Nadbiskupskom ka\u0161telu u Ka\u0161tel Su\u0107urcu u 20 h, a mo\u0107i \u0107e se razgledati do 30. travnja 2020.<\/p>\n<p>&nbsp;<\/p>\n","protected":false},"excerpt":{"rendered":"<p>Muzej grada Ka\u0161tela \u0107e povodom obilje\u017eavanja Dana grada Ka\u0161tela 2020., ugostiti izlo\u017ebu &bdquo;Zambratija &ndash; prapovijesni \u0161ivani brod&ldquo; Arheolo\u0161kog muzeja Istre. [&hellip;]<\/p>\n","protected":false},"author":7,"featured_media":5253,"comment_status":"closed","ping_status":"open","sticky":false,"template":"","format":"standard","meta":{"_acf_changed":false,"footnotes":""},"categories":[1],"tags":[],"class_list":["post-5252","post","type-post","status-publish","format-standard","has-post-thumbnail","hentry","category-novosti"],"acf":[],"_links":{"self":[{"href":"https:\/\/kastela.hr\/en\/wp-json\/wp\/v2\/posts\/5252","targetHints":{"allow":["GET"]}}],"collection":[{"href":"https:\/\/kastela.hr\/en\/wp-json\/wp\/v2\/posts"}],"about":[{"href":"https:\/\/kastela.hr\/en\/wp-json\/wp\/v2\/types\/post"}],"author":[{"embeddable":true,"href":"https:\/\/kastela.hr\/en\/wp-json\/wp\/v2\/users\/7"}],"replies":[{"embeddable":true,"href":"https:\/\/kastela.hr\/en\/wp-json\/wp\/v2\/comments?post=5252"}],"version-history":[{"count":1,"href":"https:\/\/kastela.hr\/en\/wp-json\/wp\/v2\/posts\/5252\/revisions"}],"predecessor-version":[{"id":7062,"href":"https:\/\/kastela.hr\/en\/wp-json\/wp\/v2\/posts\/5252\/revisions\/7062"}],"wp:featuredmedia":[{"embeddable":true,"href":"https:\/\/kastela.hr\/en\/wp-json\/wp\/v2\/media\/5253"}],"wp:attachment":[{"href":"https:\/\/kastela.hr\/en\/wp-json\/wp\/v2\/media?parent=5252"}],"wp:term":[{"taxonomy":"category","embeddable":true,"href":"https:\/\/kastela.hr\/en\/wp-json\/wp\/v2\/categories?post=5252"},{"taxonomy":"post_tag","embeddable":true,"href":"https:\/\/kastela.hr\/en\/wp-json\/wp\/v2\/tags?post=5252"}],"curies":[{"name":"wp","href":"https:\/\/api.w.org\/{rel}","templated":true}]}}