{"id":5241,"date":"2020-03-05T05:55:00","date_gmt":"2020-03-05T04:55:00","guid":{"rendered":"https:\/\/kastela.hr\/en\/2020\/03\/05\/video-povodom-dana-grada-kastela-odrzana-svecana-sjednica-gradskog-vijeca-2\/"},"modified":"2024-08-29T10:48:09","modified_gmt":"2024-08-29T08:48:09","slug":"video-povodom-dana-grada-kastela-odrzana-svecana-sjednica-gradskog-vijeca-2","status":"publish","type":"post","link":"https:\/\/kastela.hr\/en\/2020\/03\/05\/video-povodom-dana-grada-kastela-odrzana-svecana-sjednica-gradskog-vijeca-2\/","title":{"rendered":"VIDEO: Povodom Dana grada Ka\u0161tela odr\u017eana sve\u010dana sjednica Gradskog vije\u0107a"},"content":{"rendered":"<p>Povodom Dana grada Ka\u0161tela ju\u010der je u Marini Ka\u0161tela odr\u017eana sve\u010dana sjednica Gradskog vije\u0107a. Sjednici su nazo\u010dili predstavnici gradova prijatelja iz vi\u0161e europskih dr\u017eava, izaslanstva susjednih gradova i op\u0107ina, predstavnici brojnih udruga, tvrtki i institucija, saborski zastupnici Ante Sanader i Ante Ba\u010di\u0107, izaslanica predsjednika Vlade, ministrica demografije Vesna Bedekovi\u0107, \u017eupan Bla\u017eenko Boban, a sve njih pozdravili su predsjednik Gradskog vije\u0107a Ivan Udovi\u010di\u0107 te ka\u0161telanski gradona\u010delnik Denis Ivanovi\u0107.<\/p>\n<p>&#8211; Sve \u0161to smo poduzeli u okviru rada Gradske uprave usmjereno je prema podizanju standarda na\u0161ih sugra\u0111ana, zbog kojih i obna\u0161amo na\u0161e du\u017enosti, upravljaju\u0107i gradom najbolje \u0161to mo\u017eemo i znamo. Kao \u0161to sam vi\u0161e puta isticao najve\u0107i prioriteti u ovom mandatu, svakako \u0107e biti nastavak izgradnje komunalne infrastrukture &#8211; kazao je izme\u0111u ostalog Udovi\u010di\u0107 dok je gradona\u010delnik Ivanovi\u0107 dodao kako su uz komunalnu infrastrukturu na vrhu liste prioriteta i djeca i mladi.<\/p>\n<p>-Mladima treba pokazati put i stvoriti uvjete da ostanu u svom gradu i da \u017eive od svog rada. Samo tako mo\u017eemo gledati u svjetliju i ljep\u0161u budu\u0107nost. Da smo na dobrom putu ukazuje \u010dinjenica da smo drugi grad u Hrvatskoj po natalitetu-kazao je Ivanovi\u0107 \u010dije je demografske mjere pohvalila ministrica Bedekovi\u0107 kazav\u0161i kako njezino ministarstvo na brojnim projektima sura\u0111uje sa Ka\u0161telima.<\/p>\n<p>Ovom prilikom prisutni su mogli pogledati i kratak promotivni film &bdquo;Ka\u0161tela &ndash; grad po mjeri \u010dovjeka&ldquo; koji govori o realiziranim projektima u proteklom razdoblju kao i budu\u0107im planovima kad je rije\u010d o investicijama koje trenutno idu i preko 100 milijuna kuna, a posebno kad je u pitanju ure\u0111enje gotovo 20 km duge obale.<\/p>\n<p>-Dobra koordiniranost svih dionika u dru\u0161tvu jedini je ispravni put ka podizanju demografske slike ali i pru\u017eanja \u0161to boljih socijalnih mjera. U ovom trenutku u Splitskoj \u017eupaniji realiziramo projekt od oko 17 milijuna kuna i to za osobne asistente djeci s pote\u0161ko\u0107ama u razvoju ali i produ\u017eeni boravak u \u0161koli. Od velike uloge su i udruge a ovom prilikom ponosno isti\u010dem udruge Sv. Jeronim i Udrugu tjelesnih invalida Ka\u0161tela koje su pravi primjer profesionalnog djelovanja kroz brojne projekte, a uz to, \u0161to mi je posebno drago, a moram istaknuti i kako je udruga Sv. Jeronim dobila dr\u017eavnu nagradu za humanitarni rad-rije\u010di su ministrice Bedekovi\u0107.&nbsp;&nbsp;<\/p>\n<p>Pozdravne rije\u010di doma\u0107inima uputio&nbsp;je i \u017eupan Boban koji je naveo projekte koje u Ka\u0161telima sufinancira \u017eupanija te je dodao kako mu je iznimno drago \u0161to se drugi najve\u0107i grad u \u017eupaniji razvija jako dobro, jer su investicije vidljive na svakom koraku.<\/p>\n<p>Proslava Dana grada prilika je da se uru\u010de nagrade laureatima a ovogodi\u0161njim dobitnicima dodijeljene su na ju\u010dera\u0161njoj sve\u010danoj sjednici Gradskog vije\u0107a.<\/p>\n<p>Nagradu Grada za \u017eivotno djelo dobio je Ante Vuletin i to za iznimno postignu\u0107e u otkri\u0107u ka\u0161telanskog crljenka te razvoju ka\u0161telanskog vinogradarstva i vinarstva ali i podizanju ugleda Grada na vinskoj karti svijeta. Posthumno, nagrada Grada, dodijeljena je Milivoju Novaku za izniman doprinos u kulturnom i dru\u0161tvenom \u017eivotu grada, dok je osobna nagrada pripala Ljiljani Garbati, za osobiti doprinos u dje\u010djoj kulturi i stvarala\u0161tvu, te Marinu Terziji, za glazbena postignu\u0107a i osobiti doprinos u dru\u0161tvenom \u017eivotu grada. Skupna nagrada oti\u0161la je u ruke \u010dlanica humanitarne udruge &bdquo;Srce za srce&ldquo; za osobiti doprinos i skrb u pru\u017eanju pomo\u0107i potrebitim gra\u0111anima, dok je osobna nagrada za humanost uru\u010dena An\u0111eli Salapi\u0107 kao izraz zahvalnosti za humanitarni rad i nesebi\u010dno pomaganje potrebitima. Osobne nagrade za 100 i vi\u0161e puta darovanu krv dobili su Sre\u0107ko \u0106ubrilo i Ivica De Michelli Vitturi.<\/p>\n<p>\n&nbsp;<\/p>\n","protected":false},"excerpt":{"rendered":"<p>Povodom Dana grada Ka\u0161tela ju\u010der je u Marini Ka\u0161tela odr\u017eana sve\u010dana sjednica Gradskog vije\u0107a. Sjednici su nazo\u010dili predstavnici gradova prijatelja [&hellip;]<\/p>\n","protected":false},"author":7,"featured_media":5242,"comment_status":"closed","ping_status":"open","sticky":false,"template":"","format":"standard","meta":{"_acf_changed":false,"footnotes":""},"categories":[1],"tags":[],"class_list":["post-5241","post","type-post","status-publish","format-standard","has-post-thumbnail","hentry","category-novosti"],"acf":[],"_links":{"self":[{"href":"https:\/\/kastela.hr\/en\/wp-json\/wp\/v2\/posts\/5241","targetHints":{"allow":["GET"]}}],"collection":[{"href":"https:\/\/kastela.hr\/en\/wp-json\/wp\/v2\/posts"}],"about":[{"href":"https:\/\/kastela.hr\/en\/wp-json\/wp\/v2\/types\/post"}],"author":[{"embeddable":true,"href":"https:\/\/kastela.hr\/en\/wp-json\/wp\/v2\/users\/7"}],"replies":[{"embeddable":true,"href":"https:\/\/kastela.hr\/en\/wp-json\/wp\/v2\/comments?post=5241"}],"version-history":[{"count":1,"href":"https:\/\/kastela.hr\/en\/wp-json\/wp\/v2\/posts\/5241\/revisions"}],"predecessor-version":[{"id":7060,"href":"https:\/\/kastela.hr\/en\/wp-json\/wp\/v2\/posts\/5241\/revisions\/7060"}],"wp:featuredmedia":[{"embeddable":true,"href":"https:\/\/kastela.hr\/en\/wp-json\/wp\/v2\/media\/5242"}],"wp:attachment":[{"href":"https:\/\/kastela.hr\/en\/wp-json\/wp\/v2\/media?parent=5241"}],"wp:term":[{"taxonomy":"category","embeddable":true,"href":"https:\/\/kastela.hr\/en\/wp-json\/wp\/v2\/categories?post=5241"},{"taxonomy":"post_tag","embeddable":true,"href":"https:\/\/kastela.hr\/en\/wp-json\/wp\/v2\/tags?post=5241"}],"curies":[{"name":"wp","href":"https:\/\/api.w.org\/{rel}","templated":true}]}}