{"id":5177,"date":"2020-04-01T07:06:00","date_gmt":"2020-04-01T05:06:00","guid":{"rendered":"https:\/\/kastela.hr\/en\/2020\/04\/01\/grad-kastela-donira-250-tisuca-kuna-za-kupnju-respiratora\/"},"modified":"2024-08-29T10:48:09","modified_gmt":"2024-08-29T08:48:09","slug":"grad-kastela-donira-250-tisuca-kuna-za-kupnju-respiratora","status":"publish","type":"post","link":"https:\/\/kastela.hr\/en\/2020\/04\/01\/grad-kastela-donira-250-tisuca-kuna-za-kupnju-respiratora\/","title":{"rendered":"Grad Ka\u0161tela donira 250 tisu\u0107a kuna za kupnju respiratora"},"content":{"rendered":"<p style=\"margin: 0cm 0cm 0pt;\"><span lang=\"HR\"><font color=\"#000000\" face=\"Times New Roman\">Uslijed nastale epidemije virusa COVID-19, Grad Ka\u0161tela pomo\u0107i \u0107e Klini\u010dkom bolni\u010dkom centru Split donacijom sredstava za kupnju neophodno potrebnih respiratora i opreme za potrebe lije\u010denja bolesnika zara\u017eenih koronavirusom (Covid -19).<\/font><\/span><\/p>\n<p style=\"margin: 0cm 0cm 0pt;\"><span lang=\"HR\"><font color=\"#000000\" face=\"Times New Roman\">&nbsp;<\/font><\/span><\/p>\n<p style=\"margin: 0cm 0cm 0pt;\"><span lang=\"HR\"><font color=\"#000000\" face=\"Times New Roman\">Za tu namjenu Grad se obavezuje iz prora\u010duna isplatiti iznos od 250 tisu\u0107a kuna.<\/font><\/span><\/p>\n<p style=\"margin: 0cm 0cm 0pt;\"><span lang=\"HR\"><font color=\"#000000\" face=\"Times New Roman\">Gradona\u010delnik Denis Ivanovi\u0107 odlu\u010dio je da se i Grad Ka\u0161tela priklju\u010di donacijama KBC-u Split koji u ovom trenutku ima poja\u010dane potrebe za nabavu respiratora i opreme za potrebe lije\u010denja. Ujedno poziva sve koji mogu, da se priklju\u010de donacijama i tako na\u0161im vrijednim zdravstvenim djelatnicima olak\u0161aju ovu zahtjevnu i te\u0161ku situaciju lije\u010denja oboljelih od koronavirusa.<\/font><\/span><\/p>\n<p style=\"margin: 0cm 0cm 0pt;\"><span lang=\"HR\"><font color=\"#000000\" face=\"Times New Roman\">&nbsp;<\/font><\/span><\/p>\n","protected":false},"excerpt":{"rendered":"<p>Uslijed nastale epidemije virusa COVID-19, Grad Ka\u0161tela pomo\u0107i \u0107e Klini\u010dkom bolni\u010dkom centru Split donacijom sredstava za kupnju neophodno potrebnih respiratora [&hellip;]<\/p>\n","protected":false},"author":7,"featured_media":5178,"comment_status":"closed","ping_status":"open","sticky":false,"template":"","format":"standard","meta":{"_acf_changed":false,"footnotes":""},"categories":[1],"tags":[],"class_list":["post-5177","post","type-post","status-publish","format-standard","has-post-thumbnail","hentry","category-novosti"],"acf":[],"_links":{"self":[{"href":"https:\/\/kastela.hr\/en\/wp-json\/wp\/v2\/posts\/5177","targetHints":{"allow":["GET"]}}],"collection":[{"href":"https:\/\/kastela.hr\/en\/wp-json\/wp\/v2\/posts"}],"about":[{"href":"https:\/\/kastela.hr\/en\/wp-json\/wp\/v2\/types\/post"}],"author":[{"embeddable":true,"href":"https:\/\/kastela.hr\/en\/wp-json\/wp\/v2\/users\/7"}],"replies":[{"embeddable":true,"href":"https:\/\/kastela.hr\/en\/wp-json\/wp\/v2\/comments?post=5177"}],"version-history":[{"count":1,"href":"https:\/\/kastela.hr\/en\/wp-json\/wp\/v2\/posts\/5177\/revisions"}],"predecessor-version":[{"id":7042,"href":"https:\/\/kastela.hr\/en\/wp-json\/wp\/v2\/posts\/5177\/revisions\/7042"}],"wp:featuredmedia":[{"embeddable":true,"href":"https:\/\/kastela.hr\/en\/wp-json\/wp\/v2\/media\/5178"}],"wp:attachment":[{"href":"https:\/\/kastela.hr\/en\/wp-json\/wp\/v2\/media?parent=5177"}],"wp:term":[{"taxonomy":"category","embeddable":true,"href":"https:\/\/kastela.hr\/en\/wp-json\/wp\/v2\/categories?post=5177"},{"taxonomy":"post_tag","embeddable":true,"href":"https:\/\/kastela.hr\/en\/wp-json\/wp\/v2\/tags?post=5177"}],"curies":[{"name":"wp","href":"https:\/\/api.w.org\/{rel}","templated":true}]}}