{"id":5171,"date":"2020-04-10T07:28:00","date_gmt":"2020-04-10T05:28:00","guid":{"rendered":"https:\/\/kastela.hr\/en\/2020\/04\/10\/sretan-uskrs-2\/"},"modified":"2024-08-29T10:48:09","modified_gmt":"2024-08-29T08:48:09","slug":"sretan-uskrs-2","status":"publish","type":"post","link":"https:\/\/kastela.hr\/en\/2020\/04\/10\/sretan-uskrs-2\/","title":{"rendered":"Sretan Uskrs"},"content":{"rendered":"<p style=\"margin: 0cm 0cm 0pt;\"><span lang=\"HR\"><font color=\"#000000\" face=\"Times New Roman\">Drage Ka\u0161telanke i Ka\u0161telani, stigao nam je Uskrs, najve\u0107i kr\u0161\u0107anski blagdan. Ove godine neobi\u010dniji nego ikad prije. Zbog pandemije koronavirusa slavi se bez velikih okupljanja i dru\u017eenja, bez tradicionalnih gu\u017evi i priprema, bez svetih misa &#8211; \u0161to ne umanjuje va\u017enost i veli\u010dinu ovog blagdana. <\/font><\/span><\/p>\n<p style=\"margin: 0cm 0cm 0pt;\"><span lang=\"HR\"><font color=\"#000000\" face=\"Times New Roman\">&nbsp;<\/font><\/span><\/p>\n<p style=\"margin: 0cm 0cm 0pt;\"><span lang=\"HR\"><font color=\"#000000\" face=\"Times New Roman\">Vjerujemo da \u0107e ove godine, u naju\u017eem krugu na\u0161ih najmilijih, Uskrs samo naizgled biti druga\u010diji, ali u srcima svih nas ostaje isti. <\/font><\/span><\/p>\n<p style=\"margin: 0cm 0cm 0pt;\"><span lang=\"HR\"><font color=\"#000000\" face=\"Times New Roman\">&nbsp;<\/font><\/span><\/p>\n<p style=\"margin: 0cm 0cm 0pt;\"><span lang=\"HR\"><font color=\"#000000\" face=\"Times New Roman\">Pozivamo vas da u nadolaze\u0107im danima iz na\u0161eg grada po\u0161aljemo pozitivnu poruku odgovornog pona\u0161anja. Ovog Uskrsa \u017eelimo vam, najvi\u0161e zdravlja, mira i optimizma, &nbsp;da ne izgubite nadu i \u010dvrstu vjeru u bolju, sretniju, zdraviju i ljep\u0161u budu\u0107nost. Nadamo se da \u0107e mjere Grada Ka\u0161tela, koje su u pripremi, svim gra\u0111anima i poduzetnicima barem malo pomo\u0107i olak\u0161ati ovu situaciju i da \u0107emo smo\u0107i snage da ju \u0161to bezbolnije zajedno prebrodimo.<\/font><\/span><\/p>\n<p style=\"margin: 0cm 0cm 0pt;\"><span lang=\"HR\"><font color=\"#000000\" face=\"Times New Roman\">&nbsp;<\/font><\/span><\/p>\n<p style=\"margin: 0cm 0cm 0pt;\"><span lang=\"HR\"><font color=\"#000000\" face=\"Times New Roman\">U ime Grada Ka\u0161tela, Gradskog vije\u0107a, Sto\u017eera civilne za\u0161tite te u svoje osobno ime \u017eelimo vam sretan Uskrs i ostanite doma!<\/font><\/span><\/p>\n<p style=\"margin: 0cm 0cm 0pt;\">&nbsp;<\/p>\n<p style=\"margin: 0cm 0cm 0pt;\"><span lang=\"HR\"><font color=\"#000000\" face=\"Times New Roman\">Denis Ivanovi\u0107, gradona\u010delnik Ka\u0161tela<\/font><\/span><\/p>\n<p style=\"margin: 0cm 0cm 0pt;\"><span lang=\"HR\"><font color=\"#000000\" face=\"Times New Roman\">Ivan Udovi\u010di\u0107, predsjednik Gradskog vije\u0107a<\/font><\/span><\/p>\n","protected":false},"excerpt":{"rendered":"<p>Drage Ka\u0161telanke i Ka\u0161telani, stigao nam je Uskrs, najve\u0107i kr\u0161\u0107anski blagdan. Ove godine neobi\u010dniji nego ikad prije. Zbog pandemije koronavirusa [&hellip;]<\/p>\n","protected":false},"author":7,"featured_media":5172,"comment_status":"closed","ping_status":"open","sticky":false,"template":"","format":"standard","meta":{"_acf_changed":false,"footnotes":""},"categories":[1],"tags":[],"class_list":["post-5171","post","type-post","status-publish","format-standard","has-post-thumbnail","hentry","category-novosti"],"acf":[],"_links":{"self":[{"href":"https:\/\/kastela.hr\/en\/wp-json\/wp\/v2\/posts\/5171","targetHints":{"allow":["GET"]}}],"collection":[{"href":"https:\/\/kastela.hr\/en\/wp-json\/wp\/v2\/posts"}],"about":[{"href":"https:\/\/kastela.hr\/en\/wp-json\/wp\/v2\/types\/post"}],"author":[{"embeddable":true,"href":"https:\/\/kastela.hr\/en\/wp-json\/wp\/v2\/users\/7"}],"replies":[{"embeddable":true,"href":"https:\/\/kastela.hr\/en\/wp-json\/wp\/v2\/comments?post=5171"}],"version-history":[{"count":1,"href":"https:\/\/kastela.hr\/en\/wp-json\/wp\/v2\/posts\/5171\/revisions"}],"predecessor-version":[{"id":7041,"href":"https:\/\/kastela.hr\/en\/wp-json\/wp\/v2\/posts\/5171\/revisions\/7041"}],"wp:featuredmedia":[{"embeddable":true,"href":"https:\/\/kastela.hr\/en\/wp-json\/wp\/v2\/media\/5172"}],"wp:attachment":[{"href":"https:\/\/kastela.hr\/en\/wp-json\/wp\/v2\/media?parent=5171"}],"wp:term":[{"taxonomy":"category","embeddable":true,"href":"https:\/\/kastela.hr\/en\/wp-json\/wp\/v2\/categories?post=5171"},{"taxonomy":"post_tag","embeddable":true,"href":"https:\/\/kastela.hr\/en\/wp-json\/wp\/v2\/tags?post=5171"}],"curies":[{"name":"wp","href":"https:\/\/api.w.org\/{rel}","templated":true}]}}