{"id":5168,"date":"2020-04-28T08:06:00","date_gmt":"2020-04-28T06:06:00","guid":{"rendered":"https:\/\/kastela.hr\/en\/2020\/04\/28\/sazvana-21-sjednica-gradskog-vijeca-2\/"},"modified":"2024-11-28T11:34:48","modified_gmt":"2024-11-28T10:34:48","slug":"sazvana-21-sjednica-gradskog-vijeca-2","status":"publish","type":"post","link":"https:\/\/kastela.hr\/en\/2020\/04\/28\/sazvana-21-sjednica-gradskog-vijeca-2\/","title":{"rendered":"Sazvana 21. sjednica Gradskog vije\u0107a"},"content":{"rendered":"<p>U uvjetima posebnih okolnosti izazvanih epidemijom bolesti COVID-19 uzrokovane virusom SARS-CoV-2 a, a sukladno Uputi Ministarstva uprave, KLASA: 023-01\/20-01\/114, URBROJ: 515-05-02-01\/1-20-1 od 13. o\u017eujka 2020. g., sazvana je 21. sjednica Gradskog vije\u0107a Grada Ka\u0161tela za dan &nbsp;<b>5. svibnja (utorak) 2020. g. <\/b>s po\u010detkom u<b> 10 sati<\/b> koja \u0107e se odr\u017eati elektroni\u010dkim putem.<\/p>\n<p>&nbsp;<\/p>\n<p>Dnevni red se sastoji od to\u010daka:<\/p>\n<p>&nbsp;<\/p>\n<p>1. Prijedlog odluke o odgodi pla\u0107anja komunalne naknade i naknade za ure\u0111enje voda za poslovne &nbsp;subjekte na podru\u010dju Grada Ka\u0161tela<\/p>\n<p>2. Prijedlog odluke o osloba\u0111anju pla\u0107anja zakupnine za kori\u0161tenje poslovnih prostora i javnih povr\u0161ina u vlasni\u0161tvu &nbsp;Grada Ka\u0161tela<\/p>\n<p>3. Prijedlog odluke o umanjenju pla\u0107anja zakupnine poslovnih prostora u vlasni\u0161tvu Grada Ka\u0161tela<\/p>\n<p>&#8211;&nbsp;&nbsp;&nbsp;&nbsp;&nbsp;&nbsp;&nbsp;&nbsp;&nbsp; Izvjestiteljica to\u010d.1. do to\u010d. 3.: Marija Pelivan, pro\u010delnica Upravnog odjela za komunalno gospodarstvo, imovinsko-pravne poslove i za\u0161titu okoli\u0161a<\/p>\n<p>4. Prijedlog odluke o osloba\u0111anju pla\u0107anja u\u010de\u0161\u0107a roditelja u cijeni programa dje\u010djih vrti\u0107a<\/p>\n<p>5. Prijedlog odluke o privremenoj nov\u010danoj pomo\u0107i<\/p>\n<p>&#8211;&nbsp;&nbsp;&nbsp;&nbsp;&nbsp;&nbsp;&nbsp;&nbsp;&nbsp; Izvjestiteljica to\u010d. 4. i to\u010d. 5.: Sandra Zoki\u0107, pro\u010delnica Upravnog odjela za dru\u0161tvene djelatnosti i op\u0107e poslove<\/p>\n<p>Materijali za 21. sjednicu Gradskog vje\u0107a nalaze se na linku ispod teksta<\/p>\n<p>&nbsp;<\/p>\n","protected":false},"excerpt":{"rendered":"<p>U uvjetima posebnih okolnosti izazvanih epidemijom bolesti COVID-19 uzrokovane virusom SARS-CoV-2 a, a sukladno Uputi Ministarstva uprave, KLASA: 023-01\/20-01\/114, URBROJ: [&hellip;]<\/p>\n","protected":false},"author":7,"featured_media":5169,"comment_status":"closed","ping_status":"open","sticky":false,"template":"","format":"standard","meta":{"_acf_changed":false,"footnotes":""},"categories":[1],"tags":[],"class_list":["post-5168","post","type-post","status-publish","format-standard","has-post-thumbnail","hentry","category-novosti"],"acf":[],"_links":{"self":[{"href":"https:\/\/kastela.hr\/en\/wp-json\/wp\/v2\/posts\/5168","targetHints":{"allow":["GET"]}}],"collection":[{"href":"https:\/\/kastela.hr\/en\/wp-json\/wp\/v2\/posts"}],"about":[{"href":"https:\/\/kastela.hr\/en\/wp-json\/wp\/v2\/types\/post"}],"author":[{"embeddable":true,"href":"https:\/\/kastela.hr\/en\/wp-json\/wp\/v2\/users\/7"}],"replies":[{"embeddable":true,"href":"https:\/\/kastela.hr\/en\/wp-json\/wp\/v2\/comments?post=5168"}],"version-history":[{"count":2,"href":"https:\/\/kastela.hr\/en\/wp-json\/wp\/v2\/posts\/5168\/revisions"}],"predecessor-version":[{"id":14229,"href":"https:\/\/kastela.hr\/en\/wp-json\/wp\/v2\/posts\/5168\/revisions\/14229"}],"wp:featuredmedia":[{"embeddable":true,"href":"https:\/\/kastela.hr\/en\/wp-json\/wp\/v2\/media\/5169"}],"wp:attachment":[{"href":"https:\/\/kastela.hr\/en\/wp-json\/wp\/v2\/media?parent=5168"}],"wp:term":[{"taxonomy":"category","embeddable":true,"href":"https:\/\/kastela.hr\/en\/wp-json\/wp\/v2\/categories?post=5168"},{"taxonomy":"post_tag","embeddable":true,"href":"https:\/\/kastela.hr\/en\/wp-json\/wp\/v2\/tags?post=5168"}],"curies":[{"name":"wp","href":"https:\/\/api.w.org\/{rel}","templated":true}]}}