{"id":5162,"date":"2020-05-04T09:06:00","date_gmt":"2020-05-04T07:06:00","guid":{"rendered":"https:\/\/kastela.hr\/en\/2020\/05\/04\/javni-poziv-poduzetnicima-za-podnosenje-zahtjeva-za-dodjelu-potpora-temeljem-odluke-o-dodjeli-bespovratnih-financijskih-sredstava-namijenjenih-ublazavanju-posljedica-izazvanih-epidemijom-koronavirusa\/"},"modified":"2024-08-29T10:48:09","modified_gmt":"2024-08-29T08:48:09","slug":"javni-poziv-poduzetnicima-za-podnosenje-zahtjeva-za-dodjelu-potpora-temeljem-odluke-o-dodjeli-bespovratnih-financijskih-sredstava-namijenjenih-ublazavanju-posljedica-izazvanih-epidemijom-koronavirusa","status":"publish","type":"post","link":"https:\/\/kastela.hr\/en\/2020\/05\/04\/javni-poziv-poduzetnicima-za-podnosenje-zahtjeva-za-dodjelu-potpora-temeljem-odluke-o-dodjeli-bespovratnih-financijskih-sredstava-namijenjenih-ublazavanju-posljedica-izazvanih-epidemijom-koronavirusa\/","title":{"rendered":"Javni poziv poduzetnicima za podno\u0161enje zahtjeva za dodjelu potpora temeljem Odluke o dodjeli bespovratnih financijskih sredstava namijenjenih ubla\u017eavanju posljedica izazvanih epidemijom koronavirusa"},"content":{"rendered":"<p>Grad Ka\u0161tela objavljuje javni poziv poduzetnicima za podno\u0161enje zahtjeva za dodjelu potpora temeljem Odluke o dodjeli bespovratnih financijskih&nbsp; sredstava namijenjenih ubla\u017eavanju posljedica izazvanih epidemijom korona virusa (COVID-19).<\/p>\n<p>Korisnici sredstava su: mikro i mala poduze\u0107a, trgova\u010dka dru\u0161tva, obrti &nbsp;i samostalne djelatnosti:<\/p>\n<p style=\"margin-left:14.2pt;\">&nbsp; &#8211; koji imaju sjedi\u0161te na podru\u010dju grada Ka\u0161tela, a obrti i samostalne djelatnosti i&nbsp;&nbsp;&nbsp;&nbsp;&nbsp; sjedi\u0161te i prebivali\u0161te na podru\u010dju grada Ka\u0161tela,<\/p>\n<p style=\"margin-left:-7.1pt;\">&nbsp; &#8211; koji su u cijelosti u privatnom vlasni\u0161tvu,<\/p>\n<p style=\"margin-left:-7.1pt;\">&nbsp; &#8211; koji imaju najmanje jednog zaposlenog,<\/p>\n<p style=\"margin-left:14.2pt;\">&nbsp; &#8211; koji nemaju evidentiran drug prema Gradu Ka\u0161tela na dan 01.velja\u010de 2020. o&nbsp;&nbsp; kojemu slu\u017ebenu evidenciju vodi nadle\u017eni Upravni odjel za financije, prora\u010dun i javnu nabavu Grada Ka\u0161tela. Podnositelji prijave nisu du\u017eni prilo\u017eiti evidenciju o dugu nego \u0107e nadle\u017eni upravni odjel provjeriti stanje duga.<\/p>\n<p style=\"margin-left:-7.1pt;\">Javni poziv je otvoren do 15. svibnja 2020., a detalji o na\u010dinu prijave nalaze se u prilo\u017eenim dokumentima<\/p>\n","protected":false},"excerpt":{"rendered":"<p>Grad Ka\u0161tela objavljuje javni poziv poduzetnicima za podno\u0161enje zahtjeva za dodjelu potpora temeljem Odluke o dodjeli bespovratnih financijskih&nbsp; sredstava namijenjenih [&hellip;]<\/p>\n","protected":false},"author":7,"featured_media":5163,"comment_status":"closed","ping_status":"open","sticky":false,"template":"","format":"standard","meta":{"_acf_changed":false,"footnotes":""},"categories":[1],"tags":[],"class_list":["post-5162","post","type-post","status-publish","format-standard","has-post-thumbnail","hentry","category-novosti"],"acf":[],"_links":{"self":[{"href":"https:\/\/kastela.hr\/en\/wp-json\/wp\/v2\/posts\/5162","targetHints":{"allow":["GET"]}}],"collection":[{"href":"https:\/\/kastela.hr\/en\/wp-json\/wp\/v2\/posts"}],"about":[{"href":"https:\/\/kastela.hr\/en\/wp-json\/wp\/v2\/types\/post"}],"author":[{"embeddable":true,"href":"https:\/\/kastela.hr\/en\/wp-json\/wp\/v2\/users\/7"}],"replies":[{"embeddable":true,"href":"https:\/\/kastela.hr\/en\/wp-json\/wp\/v2\/comments?post=5162"}],"version-history":[{"count":1,"href":"https:\/\/kastela.hr\/en\/wp-json\/wp\/v2\/posts\/5162\/revisions"}],"predecessor-version":[{"id":7038,"href":"https:\/\/kastela.hr\/en\/wp-json\/wp\/v2\/posts\/5162\/revisions\/7038"}],"wp:featuredmedia":[{"embeddable":true,"href":"https:\/\/kastela.hr\/en\/wp-json\/wp\/v2\/media\/5163"}],"wp:attachment":[{"href":"https:\/\/kastela.hr\/en\/wp-json\/wp\/v2\/media?parent=5162"}],"wp:term":[{"taxonomy":"category","embeddable":true,"href":"https:\/\/kastela.hr\/en\/wp-json\/wp\/v2\/categories?post=5162"},{"taxonomy":"post_tag","embeddable":true,"href":"https:\/\/kastela.hr\/en\/wp-json\/wp\/v2\/tags?post=5162"}],"curies":[{"name":"wp","href":"https:\/\/api.w.org\/{rel}","templated":true}]}}