{"id":5153,"date":"2020-05-12T04:34:00","date_gmt":"2020-05-12T02:34:00","guid":{"rendered":"https:\/\/kastela.hr\/en\/2020\/05\/12\/zapocinju-upisi-djece-u-vrtice\/"},"modified":"2024-08-29T10:48:09","modified_gmt":"2024-08-29T08:48:09","slug":"zapocinju-upisi-djece-u-vrtice","status":"publish","type":"post","link":"https:\/\/kastela.hr\/en\/2020\/05\/12\/zapocinju-upisi-djece-u-vrtice\/","title":{"rendered":"Zapo\u010dinju upisi djece u vrti\u0107e"},"content":{"rendered":"<p><meta http-equiv=\"CONTENT-TYPE\" content=\"text\/html; charset=utf-8\" \/><meta name=\"GENERATOR\" content=\"OpenOffice.org 3.2  (Win32)\" \/><\/p>\n<style type=\"text\/css\"><!--\n\t\t@page { margin: 2cm }\n\t\tP { margin-bottom: 0.21cm }\n\t\tA:link { so-language: zxx }\n\t-->\n<\/style>\n<\/p>\n<p>Dje\u010dji vrti\u0107 &bdquo;Ka\u0161tela&ldquo; objavljuje Oglas o provo\u0111enju postupka upisa djece u programe vrti\u0107a i jaslica DV &ldquo;Ka\u0161tela&rdquo; za pedago\u0161ku godinu 2020.\/2021.<br \/>\nUpis se provodi za jasli\u010dne i redovite vrti\u0107ke programe i to:<\/p>\n<ul>\n<li>\n<p>Male jaslice (djeca od navr\u0161ene prve godine \u017eivota)<\/p>\n<\/li>\n<li>\n<p>Velike jaslice(djeca od navr\u0161ene druge godine \u017eivota)<\/p>\n<\/li>\n<li>\n<p>10 satni redovni program<\/p>\n<\/li>\n<li>\n<p>Poludnevni popodnevni program<\/p>\n<\/li>\n<li>\n<p>Poludnevni jutarnji program<\/p>\n<\/li>\n<\/ul>\n<p>Zahtjevi za upis djece zaprimaju se isklju\u010divo elektronski, putem aplikacije E-upisi koja se nalazi na web stranici Dje\u010dji vrti\u0107 &bdquo;Ka\u0161tela&ldquo;: <a href=\"http:\/\/www.dv-kastela.hr\/\">www.dv-kastela.hr<\/a>. Rok za podno\u0161enje Zahtjeva za upis djece je od 13. svibnja 2020. do 01. lipnja 2020.<\/p>\n<p>Vi\u0161e informacija&nbsp;o upisima pro\u010ditajte u prilo\u017eenom dokumentu<\/p>\n<p>&nbsp;<\/p>\n<p>&nbsp;<\/p>\n<p>&nbsp;<\/p>\n<p>&nbsp;<\/p>\n<p>&nbsp;<\/p>\n","protected":false},"excerpt":{"rendered":"<p>Dje\u010dji vrti\u0107 &bdquo;Ka\u0161tela&ldquo; objavljuje Oglas o provo\u0111enju postupka upisa djece u programe vrti\u0107a i jaslica DV &ldquo;Ka\u0161tela&rdquo; za pedago\u0161ku godinu [&hellip;]<\/p>\n","protected":false},"author":7,"featured_media":5154,"comment_status":"closed","ping_status":"open","sticky":false,"template":"","format":"standard","meta":{"_acf_changed":false,"footnotes":""},"categories":[1],"tags":[],"class_list":["post-5153","post","type-post","status-publish","format-standard","has-post-thumbnail","hentry","category-novosti"],"acf":[],"_links":{"self":[{"href":"https:\/\/kastela.hr\/en\/wp-json\/wp\/v2\/posts\/5153","targetHints":{"allow":["GET"]}}],"collection":[{"href":"https:\/\/kastela.hr\/en\/wp-json\/wp\/v2\/posts"}],"about":[{"href":"https:\/\/kastela.hr\/en\/wp-json\/wp\/v2\/types\/post"}],"author":[{"embeddable":true,"href":"https:\/\/kastela.hr\/en\/wp-json\/wp\/v2\/users\/7"}],"replies":[{"embeddable":true,"href":"https:\/\/kastela.hr\/en\/wp-json\/wp\/v2\/comments?post=5153"}],"version-history":[{"count":1,"href":"https:\/\/kastela.hr\/en\/wp-json\/wp\/v2\/posts\/5153\/revisions"}],"predecessor-version":[{"id":7035,"href":"https:\/\/kastela.hr\/en\/wp-json\/wp\/v2\/posts\/5153\/revisions\/7035"}],"wp:featuredmedia":[{"embeddable":true,"href":"https:\/\/kastela.hr\/en\/wp-json\/wp\/v2\/media\/5154"}],"wp:attachment":[{"href":"https:\/\/kastela.hr\/en\/wp-json\/wp\/v2\/media?parent=5153"}],"wp:term":[{"taxonomy":"category","embeddable":true,"href":"https:\/\/kastela.hr\/en\/wp-json\/wp\/v2\/categories?post=5153"},{"taxonomy":"post_tag","embeddable":true,"href":"https:\/\/kastela.hr\/en\/wp-json\/wp\/v2\/tags?post=5153"}],"curies":[{"name":"wp","href":"https:\/\/api.w.org\/{rel}","templated":true}]}}