{"id":5141,"date":"2020-05-15T05:19:00","date_gmt":"2020-05-15T03:19:00","guid":{"rendered":"https:\/\/kastela.hr\/en\/2020\/05\/15\/obavijest-o-izvodenju-radova-u-kastel-luksicu\/"},"modified":"2024-08-29T10:48:08","modified_gmt":"2024-08-29T08:48:08","slug":"obavijest-o-izvodenju-radova-u-kastel-luksicu","status":"publish","type":"post","link":"https:\/\/kastela.hr\/en\/2020\/05\/15\/obavijest-o-izvodenju-radova-u-kastel-luksicu\/","title":{"rendered":"Obavijest o izvo\u0111enju radova u Ka\u0161tel Luk\u0161i\u0107u"},"content":{"rendered":"<p>U ponedjeljak, 18. svibnja 2020. postavlja se privremena regulacija prometa nu\u017ena za izvo\u0111enje gra\u0111evinskih radova na izvedbi ku\u0107nih kanalizacijskih priklju\u010daka u Lindlarskoj i Bardejovskoj ulici u Ka\u0161tel Luk\u0161i\u0107u. Promet za sva vozila \u0107e biti onemogu\u0107en, osim za vozila stanara koja \u0107e imati pristup sve&nbsp;dok dinamika radova ne obuhvati njihove ulaze ku\u0107ama. O\u010dekivano vrijeme trajanja izvo\u0111enja radova je 3 mjeseca, a investitor je Vodovod i kanalizacija<\/p>\n<p>&nbsp;<\/p>\n<p>&nbsp;<\/p>\n","protected":false},"excerpt":{"rendered":"<p>U ponedjeljak, 18. svibnja 2020. postavlja se privremena regulacija prometa nu\u017ena za izvo\u0111enje gra\u0111evinskih radova na izvedbi ku\u0107nih kanalizacijskih priklju\u010daka [&hellip;]<\/p>\n","protected":false},"author":7,"featured_media":5142,"comment_status":"closed","ping_status":"open","sticky":false,"template":"","format":"standard","meta":{"_acf_changed":false,"footnotes":""},"categories":[1],"tags":[],"class_list":["post-5141","post","type-post","status-publish","format-standard","has-post-thumbnail","hentry","category-novosti"],"acf":[],"_links":{"self":[{"href":"https:\/\/kastela.hr\/en\/wp-json\/wp\/v2\/posts\/5141","targetHints":{"allow":["GET"]}}],"collection":[{"href":"https:\/\/kastela.hr\/en\/wp-json\/wp\/v2\/posts"}],"about":[{"href":"https:\/\/kastela.hr\/en\/wp-json\/wp\/v2\/types\/post"}],"author":[{"embeddable":true,"href":"https:\/\/kastela.hr\/en\/wp-json\/wp\/v2\/users\/7"}],"replies":[{"embeddable":true,"href":"https:\/\/kastela.hr\/en\/wp-json\/wp\/v2\/comments?post=5141"}],"version-history":[{"count":1,"href":"https:\/\/kastela.hr\/en\/wp-json\/wp\/v2\/posts\/5141\/revisions"}],"predecessor-version":[{"id":7033,"href":"https:\/\/kastela.hr\/en\/wp-json\/wp\/v2\/posts\/5141\/revisions\/7033"}],"wp:featuredmedia":[{"embeddable":true,"href":"https:\/\/kastela.hr\/en\/wp-json\/wp\/v2\/media\/5142"}],"wp:attachment":[{"href":"https:\/\/kastela.hr\/en\/wp-json\/wp\/v2\/media?parent=5141"}],"wp:term":[{"taxonomy":"category","embeddable":true,"href":"https:\/\/kastela.hr\/en\/wp-json\/wp\/v2\/categories?post=5141"},{"taxonomy":"post_tag","embeddable":true,"href":"https:\/\/kastela.hr\/en\/wp-json\/wp\/v2\/tags?post=5141"}],"curies":[{"name":"wp","href":"https:\/\/api.w.org\/{rel}","templated":true}]}}