{"id":5138,"date":"2020-05-18T04:12:00","date_gmt":"2020-05-18T02:12:00","guid":{"rendered":"https:\/\/kastela.hr\/en\/2020\/05\/18\/javno-izlaganje-u-postupku-produzene-javne-rasprave-o-studiji-o-utjecaju-na-okolis-cvora-na-drzavnoj-cesti-dc8-i-spojne-ceste-cvor-vucevica-na-autocesti-a1-cvor-na-drzavnoj-cesti-dc8\/"},"modified":"2024-08-29T10:48:08","modified_gmt":"2024-08-29T08:48:08","slug":"javno-izlaganje-u-postupku-produzene-javne-rasprave-o-studiji-o-utjecaju-na-okolis-cvora-na-drzavnoj-cesti-dc8-i-spojne-ceste-cvor-vucevica-na-autocesti-a1-cvor-na-drzavnoj-cesti-dc8","status":"publish","type":"post","link":"https:\/\/kastela.hr\/en\/2020\/05\/18\/javno-izlaganje-u-postupku-produzene-javne-rasprave-o-studiji-o-utjecaju-na-okolis-cvora-na-drzavnoj-cesti-dc8-i-spojne-ceste-cvor-vucevica-na-autocesti-a1-cvor-na-drzavnoj-cesti-dc8\/","title":{"rendered":"Javno izlaganje u postupku produ\u017eene javne rasprave o Studiji o  utjecaju na okoli\u0161 \u010dvora na dr\u017eavnoj cesti DC8 i spojne ceste \u010dvor Vu\u010devica na autocesti A1 \u2013 \u010dvor na dr\u017eavnoj cesti DC8"},"content":{"rendered":"<p>Na temelju Odluke Ministarstva za\u0161tite okoli\u0161a i energetike od 16. travnja 2020., stavlja se na javnu raspravu predmetna Studija.<\/p>\n<ol>\n<li>Javno izlaganje koje se nije odr\u017ealo zbog situacije uzrokovane&nbsp; Covidom-19 dana 03.04.2020., <strong>odr\u017eat \u0107e se dana 22. svibnja 2020. u 11:00 sati<\/strong> <strong>u kinu Sv. Juraj u Ka\u0161tel Su\u0107urcu, Ulica Ante Alfirevi\u0107a 20.<\/strong><\/li>\n<li>Na javnom izlaganju biti \u0107e predstavnici nositelja zahvata i ovla\u0161tenika koji \u0107e neposredno davati odgovore i raspravljati o pitanjima koja \u0107e tom prilikom postavljati nazo\u010dna javnost i zainteresirana javnost.<\/li>\n<li>Ovaj oglas objavit \u0107e se u dnevnom listu &ldquo;Slobodna Dalmacija&rdquo;, oglasnoj plo\u010di i internetskoj stranici Splitsko &ndash; dalmatinske \u017eupanije, te na oglasnim plo\u010dama i internetskim stranicama Grada Ka\u0161tela i Op\u0107ine Klis.<\/li>\n<\/ol>\n<p>&nbsp;<\/p>\n<p>&nbsp;<\/p>\n","protected":false},"excerpt":{"rendered":"<p>Na temelju Odluke Ministarstva za\u0161tite okoli\u0161a i energetike od 16. travnja 2020., stavlja se na javnu raspravu predmetna Studija. Javno [&hellip;]<\/p>\n","protected":false},"author":7,"featured_media":5139,"comment_status":"closed","ping_status":"open","sticky":false,"template":"","format":"standard","meta":{"_acf_changed":false,"footnotes":""},"categories":[1],"tags":[],"class_list":["post-5138","post","type-post","status-publish","format-standard","has-post-thumbnail","hentry","category-novosti"],"acf":[],"_links":{"self":[{"href":"https:\/\/kastela.hr\/en\/wp-json\/wp\/v2\/posts\/5138","targetHints":{"allow":["GET"]}}],"collection":[{"href":"https:\/\/kastela.hr\/en\/wp-json\/wp\/v2\/posts"}],"about":[{"href":"https:\/\/kastela.hr\/en\/wp-json\/wp\/v2\/types\/post"}],"author":[{"embeddable":true,"href":"https:\/\/kastela.hr\/en\/wp-json\/wp\/v2\/users\/7"}],"replies":[{"embeddable":true,"href":"https:\/\/kastela.hr\/en\/wp-json\/wp\/v2\/comments?post=5138"}],"version-history":[{"count":1,"href":"https:\/\/kastela.hr\/en\/wp-json\/wp\/v2\/posts\/5138\/revisions"}],"predecessor-version":[{"id":7032,"href":"https:\/\/kastela.hr\/en\/wp-json\/wp\/v2\/posts\/5138\/revisions\/7032"}],"wp:featuredmedia":[{"embeddable":true,"href":"https:\/\/kastela.hr\/en\/wp-json\/wp\/v2\/media\/5139"}],"wp:attachment":[{"href":"https:\/\/kastela.hr\/en\/wp-json\/wp\/v2\/media?parent=5138"}],"wp:term":[{"taxonomy":"category","embeddable":true,"href":"https:\/\/kastela.hr\/en\/wp-json\/wp\/v2\/categories?post=5138"},{"taxonomy":"post_tag","embeddable":true,"href":"https:\/\/kastela.hr\/en\/wp-json\/wp\/v2\/tags?post=5138"}],"curies":[{"name":"wp","href":"https:\/\/api.w.org\/{rel}","templated":true}]}}