{"id":5126,"date":"2020-05-28T08:30:00","date_gmt":"2020-05-28T06:30:00","guid":{"rendered":"https:\/\/kastela.hr\/en\/2020\/05\/28\/gradonacelnik-denis-ivanovic-predstavio-realizirane-projekte-u-protekle-tri-godine\/"},"modified":"2024-08-29T10:48:08","modified_gmt":"2024-08-29T08:48:08","slug":"gradonacelnik-denis-ivanovic-predstavio-realizirane-projekte-u-protekle-tri-godine","status":"publish","type":"post","link":"https:\/\/kastela.hr\/en\/2020\/05\/28\/gradonacelnik-denis-ivanovic-predstavio-realizirane-projekte-u-protekle-tri-godine\/","title":{"rendered":"Gradona\u010delnik Denis Ivanovi\u0107 predstavio realizirane projekte u protekle tri godine"},"content":{"rendered":"<p>Denis Ivanovi\u0107 preuzeo je du\u017enost gradona\u010delnika prije tri godine, nakon \u0161to je u prvom krugu na lokalnim izborima dobio povjerenje gra\u0111ana. Upravo zbog svoje obveze i du\u017enosti prema gra\u0111anima odlu\u010dio je sazvati konferenciju za medije i informirati javnost o tome \u0161to je sve, zajedno sa svojim timom, napravio u proteklom razdoblju, a svoj izvje\u0161taj zapo\u010deo je ostvarenim projektima vezanim za komunalu. Tako je od po\u010detka mandata do danas, u komunalnu infrastrukturu ulo\u017eeno 200 milijuna kuna iz gradskog prora\u010duna. Uklju\u010duju\u0107i projekte koje provodi EKO agencija, samo u posljednjih godinu dana u Ka\u0161tela je ulo\u017eeno 30 milijuna kuna \u0161to se odnosi na izgradnju vodoopskrbe i fekalne odvodnje.<\/p>\n<ul>\n<li>Radovi na izgradnji vodoopskrbe Ka\u0161tel Gomilice su zavr\u0161eni, ovih dana \u0107e biti obavljen tehni\u010dki pregled i primopredaja tako da mogu ponosno najaviti spajanje prvih ku\u0107anstava za mjesec dana. U tijeku je izbor izvo\u0111a\u010da za vodoopskrbu u Rudinama. U zadnjih godinu dana, na predjelu Raduna, Rudina i dijela Gomilice izgra\u0111eno je ne\u0161to manje od 6 km mre\u017ee. \u0160to se ti\u010de kanalizacije, u zadnje tri godine smo preko 60 ulica spojili na fekalnu odvodnju, a rije\u010d je o ulicama koje nisu u nadolaze\u0107em projektu aglomeracije. Zahvaljuju\u0107i Vodovodu i kanalizaciji te EKO Agenciji u prethodnom kvartalu sanirani su mnogobrojni ispusti zbog kojih smo protekle godine imali one\u010di\u0161\u0107enje mora tako da vjerujem da \u0107emo ove godine toga biti po\u0161te\u0111eni &ndash; kazao je gradona\u010delnik Ivanovi\u0107 dodaju\u0107i kako je zavr\u0161ena druga faza ure\u0111enja Ceste dr. Franje Tu\u0111mana od trgova\u010dkog centra do Solina, a ove jeseni kre\u0107e tre\u0107a faza rekonstrukcije.<\/li>\n<\/ul>\n<p>Nadalje, ure\u0111en je nogostup u Ka\u0161tel Gomilici, a idu\u0107ih mjeseci kre\u0107e sanacija nogostupa uz cestu u Ka\u0161tel Kambelovcu. Svake godine se za asfaltiranje ulica izdvoji oko 6 milijuna kuna prora\u010dunskog novca. U izgradnji je i groblje u Ka\u0161tel Kambelovcu \u010diji je dovr\u0161etak planiran do kraja ove godine, radovi u luci Ka\u0161tel Stari zapo\u010deli su po\u010detkom godine, druga faza ure\u0111enja pla\u017ee Glavice u Ka\u0161tel Luk\u0161i\u0107u tako\u0111er je u tijeku, u izradi su idejni projekti za obalu u Ka\u0161tel Su\u0107urcu te dio Kambelovca i Ka\u0161tel Gomilice, kre\u0107e izrada glavnog projekta rive u Ka\u0161tel Novom tako da bi idu\u0107e godine trebali zapo\u010deti radovi, ure\u0111uje se Villa Nika, a zavr\u0161ena je obnova Opati\u010dke ku\u0107e u Ka\u0161tel Gomilici. Kad su u pitanju europski fondovi, aktivno je \u0161est projekata vrijednih 10 milijuna kuna.<\/p>\n<ul>\n<li>Djeca i mladi su ne\u0161to za \u0161to se izuzetno zala\u017eem tako da, osim \u0161to smo izgradili desetak novih dje\u010djih igrali\u0161ta, dva su u pripremi. Zapo\u010dinje izgradnja ve\u0107eg igrali\u0161ta u Ka\u0161tel Gomilici kraj crpne stanice te izgradnja dje\u010dje igrali\u0161ta jugozapadno od kave u Ka\u0161tel Su\u0107urcu. U pripremi je dokumentacija za pro\u0161irenje vrti\u0107a u Ka\u0161tel Luk\u0161i\u0107u. U pro\u0161loj godini smo sufinancirali nabavku radnih bilje\u017enica s milijun kuna za sve u\u010denike osnovnih \u0161kola, s ve\u0107im iznosom sufinanciramo rad dje\u010djih vrti\u0107a tako da se roditeljima naknada ne bi pove\u0107avala. Najva\u017enije je da su dosad sva djeca bila upisana, a nadam se da \u0107e tako biti i ove godine. Ukupno za vrti\u0107e izdvajamo ne\u0161to manje od 30 milijuna kuna godi\u0161nje, a po prvi put smo uveli potpore obrtima za dadilje, dok 130 stipendija dijelimo u\u010denicima i studentima plus produ\u017eeni boravak. Svake godine dijelimo bo\u017ei\u0107nice umirovljenicima i nezaposlenima, a ve\u0107 godinu dana prometuje i prva autobusna linija magistralom od zra\u010dne luke. Ve\u0107 dvije sezone financiramo dodatni tim hitne medicinske pomo\u0107i, a od 1. lipnja sufinanciramo rad radiologa u na\u0161em gradu. Oko milijun kuna izdvajamo za asistente u nastavi, po prvi put pro\u0161le godine smo uveli javni poziv za poduzetnike kojima smo dodijelili pola milijuna kuna, uvrijeme pandemije koronavirusa donijeli smo niz mjera pomo\u0107i poduzetnicima i gra\u0111anima, pomogli smo KBC-u Split s 250 tisu\u0107a kuna za nabavku respiratora, a oko milijun kuna bit \u0107e upla\u0107eno poduzetnicima i obrtnicima zbog \u0161tete izazvane pandemijom &ndash; kazao je gradona\u010delnik Ivanovi\u0107.<\/li>\n<\/ul>\n<p>Za dio izgradnje kanalizacijske mre\u017ee ispod magistrale do obale izabran je izvo\u0111a\u010d radova, a prema informacijama iz ViK-a, radovi bi trebali krenuti u kolovozu ove godine. Zavr\u0161en &nbsp;je natje\u010daj za vodoopskrbu i kanalizaciju povi\u0161e magistrale od Ka\u0161tel Su\u0107urca do Ka\u0161tel Kambelovca, u tijeku je odabir izvo\u0111a\u010da radova tako da bi ove jeseni i taj dio trebao biti aktivno gra\u0111evinsko podru\u010dje.<\/p>\n<p>&nbsp;<\/p>\n","protected":false},"excerpt":{"rendered":"<p>Denis Ivanovi\u0107 preuzeo je du\u017enost gradona\u010delnika prije tri godine, nakon \u0161to je u prvom krugu na lokalnim izborima dobio povjerenje [&hellip;]<\/p>\n","protected":false},"author":7,"featured_media":5127,"comment_status":"closed","ping_status":"open","sticky":false,"template":"","format":"standard","meta":{"_acf_changed":false,"footnotes":""},"categories":[1],"tags":[],"class_list":["post-5126","post","type-post","status-publish","format-standard","has-post-thumbnail","hentry","category-novosti"],"acf":[],"_links":{"self":[{"href":"https:\/\/kastela.hr\/en\/wp-json\/wp\/v2\/posts\/5126","targetHints":{"allow":["GET"]}}],"collection":[{"href":"https:\/\/kastela.hr\/en\/wp-json\/wp\/v2\/posts"}],"about":[{"href":"https:\/\/kastela.hr\/en\/wp-json\/wp\/v2\/types\/post"}],"author":[{"embeddable":true,"href":"https:\/\/kastela.hr\/en\/wp-json\/wp\/v2\/users\/7"}],"replies":[{"embeddable":true,"href":"https:\/\/kastela.hr\/en\/wp-json\/wp\/v2\/comments?post=5126"}],"version-history":[{"count":1,"href":"https:\/\/kastela.hr\/en\/wp-json\/wp\/v2\/posts\/5126\/revisions"}],"predecessor-version":[{"id":7028,"href":"https:\/\/kastela.hr\/en\/wp-json\/wp\/v2\/posts\/5126\/revisions\/7028"}],"wp:featuredmedia":[{"embeddable":true,"href":"https:\/\/kastela.hr\/en\/wp-json\/wp\/v2\/media\/5127"}],"wp:attachment":[{"href":"https:\/\/kastela.hr\/en\/wp-json\/wp\/v2\/media?parent=5126"}],"wp:term":[{"taxonomy":"category","embeddable":true,"href":"https:\/\/kastela.hr\/en\/wp-json\/wp\/v2\/categories?post=5126"},{"taxonomy":"post_tag","embeddable":true,"href":"https:\/\/kastela.hr\/en\/wp-json\/wp\/v2\/tags?post=5126"}],"curies":[{"name":"wp","href":"https:\/\/api.w.org\/{rel}","templated":true}]}}