{"id":5111,"date":"2020-06-01T03:31:00","date_gmt":"2020-06-01T01:31:00","guid":{"rendered":"https:\/\/kastela.hr\/en\/2020\/06\/01\/polozeni-vijenci-i-upaljene-svijece-uoci-dana-drzavnosti-republike-hrvatske-2\/"},"modified":"2024-08-29T10:48:08","modified_gmt":"2024-08-29T08:48:08","slug":"polozeni-vijenci-i-upaljene-svijece-uoci-dana-drzavnosti-republike-hrvatske-2","status":"publish","type":"post","link":"https:\/\/kastela.hr\/en\/2020\/06\/01\/polozeni-vijenci-i-upaljene-svijece-uoci-dana-drzavnosti-republike-hrvatske-2\/","title":{"rendered":"Polo\u017eeni vijenci i upaljene svije\u0107e uo\u010di Dana dr\u017eavnosti Republike Hrvatske"},"content":{"rendered":"<p>Uo\u010di Dana dr\u017eavnosti Republike Hrvatske, u petak 29. svibnja, polo\u017eeni su vijenci i upaljene svije\u0107e pred spomenikom dr. Franji Tu\u0111manu u Ka\u0161tel Luk\u0161i\u0107u i podno spomen obilje\u017eja na Mala\u010dkoj. Po\u010dast prvom hrvatskom predsjedniku i poginulim hrvatskim braniteljima odali su predstavnici Grada Ka\u0161tela na \u010delu s gradona\u010delnikom Denisom Ivanovi\u0107em, \u010dlanovi Gradskog vije\u0107a na \u010delu s Ivanom Udovi\u010di\u0107em, izaslanstva vi\u0161e udruga proisteklih iz Domovinskog rata, a me\u0111u njima predstavnici Udruge roditelja poginulih branitelja, Udruge roditelja i udovica poginulih branitelja, Hvidre, UHDDR-a, UHRV-a, Koordinacije braniteljskih udruga, braniteljsko-dragovolja\u010dke udruge Stina pradidova, \u010dlanovi Udruge antifa\u0161ista Ka\u0161tela, predstavnici HSP-a, HDZ-a i drugi.<\/p>\n<p>Dan dr\u017eavnosti obilje\u017eava se u spomen na konstituiranje prvog demokratski izabranog vi\u0161estrana\u010dkog Sabora 30. svibnja 1990. godine.<\/p>\n<p>Izabrani zastupnici tada su na konstituiranju novoga Sabora Socijalisti\u010dke Republike Hrvatske, kojem su nazo\u010dili i brojni gosti iz domovinske i iseljene Hrvatske i predstavnici vjerskih zajednica, izabrali za predsjednika Sabora \u017darka Domljana, za potpredsjednike Ivicu Percana, Stjepana Sulimanca i Vladimira \u0160eksa.<\/p>\n<p>Za predsjednika Izvr\u0161nog vije\u0107a Sabora izabran je Stjepan Mesi\u0107, a za predsjednika Predsjedni\u0161tva Socijalisti\u010dke Republike Hrvatske Franjo Tu\u0111man koji je u svom prvom govoru pred novoizabranim zastupnicima naglasio kako konstituiranje prvog vi\u0161estrana\u010dkog Sabora predstavlja prvi korak na povratku hrvatskoga naroda i njegove dr\u017eave europskoj civilizacijskoj, politi\u010dkoj, kulturnoj i gospodarskoj tradiciji.<\/p>\n<p>Od&nbsp; dono\u0161enja Zakona o izmjenama i dopuni Zakona o blagdanima, spomendanu i neradnim danima u Republici Hrvatskoj 2001. godine sve do 2020. taj se dan obilje\u017eavao kao Dan Hrvatskoga sabora. Dono\u0161enjem novoga Zakona o blagdanima, spomendanima i neradnim danima u Republici Hrvatskoj&nbsp; u studenome 2019., koji se primjenjuje od 1. sije\u010dnja 2020., 30. svibnja ponovno se, kao i prije 2001. godine, obilje\u017eava kao Dan dr\u017eavnosti Republike Hrvatske.<\/p>\n<p>&nbsp;<\/p>\n","protected":false},"excerpt":{"rendered":"<p>Uo\u010di Dana dr\u017eavnosti Republike Hrvatske, u petak 29. svibnja, polo\u017eeni su vijenci i upaljene svije\u0107e pred spomenikom dr. Franji Tu\u0111manu [&hellip;]<\/p>\n","protected":false},"author":7,"featured_media":5112,"comment_status":"closed","ping_status":"open","sticky":false,"template":"","format":"standard","meta":{"_acf_changed":false,"footnotes":""},"categories":[1],"tags":[],"class_list":["post-5111","post","type-post","status-publish","format-standard","has-post-thumbnail","hentry","category-novosti"],"acf":[],"_links":{"self":[{"href":"https:\/\/kastela.hr\/en\/wp-json\/wp\/v2\/posts\/5111","targetHints":{"allow":["GET"]}}],"collection":[{"href":"https:\/\/kastela.hr\/en\/wp-json\/wp\/v2\/posts"}],"about":[{"href":"https:\/\/kastela.hr\/en\/wp-json\/wp\/v2\/types\/post"}],"author":[{"embeddable":true,"href":"https:\/\/kastela.hr\/en\/wp-json\/wp\/v2\/users\/7"}],"replies":[{"embeddable":true,"href":"https:\/\/kastela.hr\/en\/wp-json\/wp\/v2\/comments?post=5111"}],"version-history":[{"count":1,"href":"https:\/\/kastela.hr\/en\/wp-json\/wp\/v2\/posts\/5111\/revisions"}],"predecessor-version":[{"id":7026,"href":"https:\/\/kastela.hr\/en\/wp-json\/wp\/v2\/posts\/5111\/revisions\/7026"}],"wp:featuredmedia":[{"embeddable":true,"href":"https:\/\/kastela.hr\/en\/wp-json\/wp\/v2\/media\/5112"}],"wp:attachment":[{"href":"https:\/\/kastela.hr\/en\/wp-json\/wp\/v2\/media?parent=5111"}],"wp:term":[{"taxonomy":"category","embeddable":true,"href":"https:\/\/kastela.hr\/en\/wp-json\/wp\/v2\/categories?post=5111"},{"taxonomy":"post_tag","embeddable":true,"href":"https:\/\/kastela.hr\/en\/wp-json\/wp\/v2\/tags?post=5111"}],"curies":[{"name":"wp","href":"https:\/\/api.w.org\/{rel}","templated":true}]}}