{"id":5108,"date":"2020-06-01T04:56:00","date_gmt":"2020-06-01T02:56:00","guid":{"rendered":"https:\/\/kastela.hr\/en\/2020\/06\/01\/otvorenje-izlozbe-villa-nika-u-dvorcu-vitturi\/"},"modified":"2024-08-29T10:48:08","modified_gmt":"2024-08-29T08:48:08","slug":"otvorenje-izlozbe-villa-nika-u-dvorcu-vitturi","status":"publish","type":"post","link":"https:\/\/kastela.hr\/en\/2020\/06\/01\/otvorenje-izlozbe-villa-nika-u-dvorcu-vitturi\/","title":{"rendered":"Otvorenje izlo\u017ebe \u201eVilla Nika\u201c u dvorcu Vitturi"},"content":{"rendered":"<p>U \u010detvrtak 4. lipnja, s po\u010detkom u 20 sati u dvorcu Vitturi u Ka\u0161tel Luk\u0161i\u0107u bit \u0107e otvorena izlo\u017eba &bdquo;Villa Nika&ldquo; autorice Sanje Acalija koja je ujedno i muzejska savjetnica. Likovni postav izlo\u017ebe potpisuju David Mili\u0107 i Sanja Acalija uz pomo\u0107 suradnika Roberta Jozi\u0107a, Davora Kamenjarina i \u0110anija Martini\u0107a.<\/p>\n<p>Realizaciju izlo\u017ebe i tisak kataloga omogu\u0107ili su Grad Ka\u0161tela i Turisti\u010dka zajednica grada Ka\u0161tela. Izlo\u017eba \u0107e biti postavljena u dvorani za povremene izlo\u017ebe u prizemlju ka\u0161tela Vitturi i otvorena za posjetitelje do kraja kolovoza u redovnom radnom vremenu Muzeja.&nbsp;<\/p>\n<p>Zamisao i postavljanje izlo\u017ebe o Villi Niki potaknuto je obilje\u017eavanjem stotinu desete obljetnice organiziranog smje\u0161tajnog turizma u Ka\u0161telima. Uz \u010de\u0161kog lije\u010dnika dr. Henrika \u0160oulavya koji je godine 1909. otvorio prvi turisti\u010dki pansion za redovite goste u Ka\u0161tel Luk\u0161i\u0107u jedan od turisti\u010dkih vizionara je svakako i dr. Petar Kamber, prvi ka\u0161telanski hotelijer. On je 1902. godine na morskoj obali, na predjelu Gostinj u Ka\u0161tel Starome sagradio obiteljsku ku\u0107u za odmor &ndash; Villu Niku. Do 1917. godine, u\u010dvrstio je posjed i uredio perivoj na kojemu \u0107e sagraditi i 1928. godine otvoriti prvi ka\u0161telanski hotel&nbsp; &#8211; Hotel Palace.<\/p>\n<p>Povod izlo\u017ebi je obnova Ville Nike koja \u0107e nakon dugog niza godina propadanja biti obnovljena u izvornom obliku i dostupna gra\u0111anima Ka\u0161tela i njihovim gostima. Nastala je prikupljanjem sa\u010duvanih primarnih i sekundarnih materijalnih tragova i ve\u0107 izblijedjelih sje\u0107anja starijih protagonista. U Dr\u017eavnom arhivu u Splitu pohranjen je dio arhivske gra\u0111e kao Osobni fond dr. Petra Kambera, u Muzeju grada Ka\u0161tela u okviru Dokumentarne zbirke \u010duvaju se fotografije, razglednice i dopisnice.<\/p>\n<p>Izlo\u017eba je prilika da posjetitelje budu bolje upoznati s tom vrijednom ku\u0107om, jednom od najstarijih na kojoj su se pojavili elementi secesije u Ka\u0161telima.<\/p>\n","protected":false},"excerpt":{"rendered":"<p>U \u010detvrtak 4. lipnja, s po\u010detkom u 20 sati u dvorcu Vitturi u Ka\u0161tel Luk\u0161i\u0107u bit \u0107e otvorena izlo\u017eba &bdquo;Villa [&hellip;]<\/p>\n","protected":false},"author":7,"featured_media":5109,"comment_status":"closed","ping_status":"open","sticky":false,"template":"","format":"standard","meta":{"_acf_changed":false,"footnotes":""},"categories":[1],"tags":[],"class_list":["post-5108","post","type-post","status-publish","format-standard","has-post-thumbnail","hentry","category-novosti"],"acf":[],"_links":{"self":[{"href":"https:\/\/kastela.hr\/en\/wp-json\/wp\/v2\/posts\/5108","targetHints":{"allow":["GET"]}}],"collection":[{"href":"https:\/\/kastela.hr\/en\/wp-json\/wp\/v2\/posts"}],"about":[{"href":"https:\/\/kastela.hr\/en\/wp-json\/wp\/v2\/types\/post"}],"author":[{"embeddable":true,"href":"https:\/\/kastela.hr\/en\/wp-json\/wp\/v2\/users\/7"}],"replies":[{"embeddable":true,"href":"https:\/\/kastela.hr\/en\/wp-json\/wp\/v2\/comments?post=5108"}],"version-history":[{"count":1,"href":"https:\/\/kastela.hr\/en\/wp-json\/wp\/v2\/posts\/5108\/revisions"}],"predecessor-version":[{"id":7025,"href":"https:\/\/kastela.hr\/en\/wp-json\/wp\/v2\/posts\/5108\/revisions\/7025"}],"wp:featuredmedia":[{"embeddable":true,"href":"https:\/\/kastela.hr\/en\/wp-json\/wp\/v2\/media\/5109"}],"wp:attachment":[{"href":"https:\/\/kastela.hr\/en\/wp-json\/wp\/v2\/media?parent=5108"}],"wp:term":[{"taxonomy":"category","embeddable":true,"href":"https:\/\/kastela.hr\/en\/wp-json\/wp\/v2\/categories?post=5108"},{"taxonomy":"post_tag","embeddable":true,"href":"https:\/\/kastela.hr\/en\/wp-json\/wp\/v2\/tags?post=5108"}],"curies":[{"name":"wp","href":"https:\/\/api.w.org\/{rel}","templated":true}]}}