{"id":5105,"date":"2020-06-09T09:38:00","date_gmt":"2020-06-09T07:38:00","guid":{"rendered":"https:\/\/kastela.hr\/en\/2020\/06\/09\/sazvana-22-sjednica-gradskog-vijeca-2\/"},"modified":"2024-11-28T11:32:01","modified_gmt":"2024-11-28T10:32:01","slug":"sazvana-22-sjednica-gradskog-vijeca-2","status":"publish","type":"post","link":"https:\/\/kastela.hr\/en\/2020\/06\/09\/sazvana-22-sjednica-gradskog-vijeca-2\/","title":{"rendered":"Sazvana 22. sjednica Gradskog vije\u0107a"},"content":{"rendered":"<p>Predsjednik Gradskog vije\u0107a Ivan Udovi\u010di\u0107 sazvao je 22. sjednicu Gradskog vije\u0107a Grada Ka\u0161tela za dan 16. lipnja (utorak) 2020. g. u 11,00 sati.<\/p>\n<p><strong>U uvjetima posebnih okolnosti izazvanih epidemijom bolesti COVID-19 uzrokovane virusom SARS-CoV-2 a, 22.sjednica Gradskog vije\u0107a odr\u017eat \u0107e se u Kino dvorani Sveti Juraj u Ka\u0161tel Su\u0107urcu <\/strong><\/p>\n<p>Dnevni red se sastoji od 45 to\u010daka<\/p>\n<div>\n<p>&nbsp; <a name=\"_Hlk27050115\">1. <\/a>Usvajanje Zapisnika s 20. i 21. sjednice Gradskog vije\u0107a<\/p>\n<p>&nbsp; 2. Vije\u0107ni\u010dka pitanja i prijedlozi<\/p>\n<\/div>\n<p>&nbsp; 3. Prijedlog Odluke o stavljanju izvan snage Urbanisti\u010dkog plana ure\u0111enja Giri\u010di\u0107 (UPU 17)<\/p>\n<p>&nbsp; 4. Prijedlog Odluke o stavljanju izvan snage Detaljnog plana ure\u0111enja Turisti\u010dke zone \u0160talija<\/p>\n<div>\n<p>&nbsp;&nbsp;&nbsp; &nbsp;&#8211; Izvjestitelj t. 3.i t. 4.: Boris \u0160kara, pro\u010delnik Upravnog odjela za prostorno ure\u0111enje i gradnju<\/p>\n<p>&nbsp; 5. Godi\u0161nji izvje\u0161taj o izvr\u0161enju Prora\u010duna Grada Ka\u0161tela za 2019. godinu<\/p>\n<p>&nbsp; 6. Prijedlog odluke o raspodjeli rezultata za 2019. godinu<\/p>\n<p>&nbsp; &nbsp;&nbsp;&nbsp;&#8211; Izvjestiteljica t. 5. i t. 6.:: Matija Marija \u0110iki\u0107, pro\u010delnica Upravnog odjela za financije, prora\u010dun i javnu nabavu<\/p>\n<p>&nbsp; 7. Izvje\u0161\u0107e o izvr\u0161enju Programa gra\u0111enja komunalne infrastrukture u Gradu Ka\u0161tela za 2019. godinu<\/p>\n<p>&nbsp; 8. Izvje\u0161\u0107e&nbsp; o izvr\u0161enju Programa odr\u017eavanja komunalne infrastrukture u gradu Ka\u0161tela za 2019. godinu<\/p>\n<p>&nbsp; &nbsp;&nbsp;&nbsp;&nbsp;&nbsp;&nbsp;&#8211; Izvjestiteljica t. 7. i t. 8.: Marija Pelivan, pro\u010delnica Upravnog odjela za komunalno gospodarstvo i imovinsko- pravne poslove<\/p>\n<p>9. Izvje\u0161\u0107e o izvr\u0161enju Programa javnih potreba u socijalnoj skrbi i zdravstvenoj za\u0161titi Grada Ka\u0161tela za 2019. godinu<\/p>\n<p>10. Izvje\u0161\u0107e o izvr\u0161enju Program financiranja javnih potreba pred\u0161kolskom odgoju Grada Ka\u0161tela za 2019. godinu<\/p>\n<p>11. Izvje\u0161\u0107e o izvr\u0161enju Programa financiranja javnih potreba u obrazovanju Grada Ka\u0161tela za 2019. godinu<\/p>\n<p>12. Izvje\u0161\u0107e o izvr\u0161enju Program javnih potreba u kulturi Grada Ka\u0161tela za 2019. godinu<\/p>\n<p>13. Izvje\u0161\u0107e o izvr\u0161enju Program financiranja javnih potreba u tehni\u010dkoj kulturi Grada Ka\u0161tela za 2019. godinu<\/p>\n<p>14. Izvje\u0161\u0107e o izvr\u0161enju Program financiranja javnih potreba udruga gra\u0111ana Grada, institucija, ustanova i vjerskih zajednica Grada Ka\u0161tela za &nbsp;2019. godinu<\/p>\n<p>15. Izvje\u0161\u0107e o izvr\u0161enju Program financiranja javnih potreba u sportu Grada Ka\u0161tela za 2019. godinu<\/p>\n<p>16. Izvje\u0161\u0107e o financijskom poslovanju Zajednice \u0161portskih udruga Ka\u0161tela za 2019. godinu i Izvje\u0161\u0107e o izvr\u0161enju Detaljnog plana raspodjele financijskih sredstava za sufinanciranje \u0161portskih aktivnosti \u010dlanica Zajednice \u0161portskih udruga Ka\u0161tela za 2019. godinu<\/p>\n<p>17. Izvje\u0161\u0107e o izvr\u0161enju Programa javnih potreba u protupo\u017earnoj i civilnoj za\u0161titi Grada Ka\u0161tela za 2019. godinu<\/p>\n<p>&nbsp;&nbsp;&nbsp;&nbsp; &#8211; Izvjestiteljica t. 9. do t. 17.: Sandra Zoki\u0107, pro\u010delnica Upravnog odjela za dru\u0161tvene djelatnosti i op\u0107e poslove<\/p>\n<p>18. Izvje\u0161\u0107e o radu Javne ustanove \u0160portski objekti Ka\u0161tela i Godi\u0161nji izvje\u0161taj o izvr\u0161enju financijskog plana Javne ustanove \u0160portski objekti Ka\u0161tela za 2019. godinu<\/p>\n<p>&nbsp;&nbsp;&nbsp; &nbsp;&nbsp;&nbsp;&#8211; Izvjestitelj: Ante \u0160i\u0161kov,&nbsp; ravnatelj Javne ustanove \u0160portski objekti Ka\u0161tela<\/p>\n<p>19. Izvje\u0161\u0107e o radu Muzeja grada Ka\u0161tela i Godi\u0161nje izvje\u0161\u0107e o izvr\u0161enje financijskog plana Muzeja grada Ka\u0161tela za 2019. godinu<\/p>\n<p>&nbsp;&nbsp;&nbsp;&nbsp; &nbsp;&#8211; Izvjestitelji: Ivan \u0160uta, ravnatelj Muzeja grada Ka\u0161tela<\/p>\n<p>20. Izvje\u0161\u0107e o radu Gradske knji\u017enice Ka\u0161tela za 2019. godinu i Godi\u0161nji izvje\u0161\u0107e o izvr\u0161enju financijskog plana Gradske knji\u017enice Ka\u0161tela za 2019. godinu<\/p>\n<p>&nbsp;&nbsp;&nbsp;&nbsp; &nbsp;&#8211; Izvjestiteljica: Renata Dobri\u0107, ravnateljica Gradske knji\u017enice Ka\u0161tela<\/p>\n<p>21. Izvje\u0161\u0107e o radu Dje\u010djeg vrti\u0107a &quot;Ka\u0161tela&quot; za pedago\u0161ku godinu 2018\/2019. i Godi\u0161nji izvje\u0161taj o izvr\u0161enju financijskog plana Dje\u010djeg vrti\u0107a &quot;Ka\u0161tela&quot; za 2019. godinu<\/p>\n<p>&nbsp;&nbsp;&nbsp;&nbsp;&nbsp; &#8211; Izvjestiteljica: Ivanka Vu\u010dica, ravnateljica Dje\u010djeg vrti\u0107a &quot;Ka\u0161tela&quot;<\/p>\n<p>22. Izvje\u0161\u0107e o stanju dru\u0161tva &bdquo;Zeleno i modro&ldquo; d.o.o. za 2019. godinu<\/p>\n<p>23. Izvje\u0161\u0107e o radu davatelja javne usluge za 2019. godinu, komunalnog dru\u0161tva &bdquo;Zeleno i modro&ldquo; d.o.o. &nbsp;<\/p>\n<p>&nbsp;&nbsp; &nbsp;&nbsp;&nbsp;&#8211; Izvjestitelj t. 22. i t. 23.: Alen Lu\u010di\u0107, direktor Zeleno i modro d.o.o.<\/p>\n<p>24. Prijedlog odluke o davanju odobrenja na Izvje\u0161\u0107e o radu Savjeta mladih za 2019. godinu<\/p>\n<p>&nbsp;&nbsp;&nbsp;&nbsp; &nbsp;&#8211; Izvjestiteljica: Andrea Bara\u0107, predsjednica Savjeta mladih<\/p>\n<p>25. Izvje\u0161\u0107e o radu Gradona\u010delnika za razdoblje srpanj -prosinac 2019. godine<\/p>\n<p>&nbsp;&nbsp;&nbsp;&nbsp;&nbsp; Izvjestitelj: Denis Ivanovi\u0107, gradona\u010delnik<\/p>\n<\/div>\n<p>26. Izvje\u0161\u0107e o lokacijama i koli\u010dinama odba\u010denog otpada, tro\u0161kovima uklanjanja i provedbi mjera za sprje\u010davanje i uklanjanje nepropisno odlo\u017eenog otpada na podru\u010dju grada ka\u0161tela za 2019. godinu<\/p>\n<div>\n<p>27. Prijedlog odluke o provedbi posebnih mjera sprje\u010davanja odbacivanja otpada na podru\u010dju Grada Ka\u0161tela za 2020. g<\/p>\n<\/div>\n<p>&nbsp;&nbsp;&nbsp; &nbsp;&nbsp;&#8211; Izvjestiteljica t. 26. i t. 27.: Marija Pelivan, pro\u010delnica Upravnog odjela za komunalno gospodarstvo, imovinsko-pravne poslove i za\u0161titu okoli\u0161a<\/p>\n<div>\n<p>28. Izvje\u0161\u0107e o obavljenoj financijskoj reviziji Grada Ka\u0161tela za 2018. godinu<\/p>\n<p>&nbsp; &nbsp;&nbsp;&nbsp;&nbsp;&#8211; Izvjestiteljica: Matija Marija \u0110iki\u0107, pro\u010delnica Upravnog odjela za financije, prora\u010dun i javnu nabavu<\/p>\n<p>29. Prijedlog odluke o uvjetima, mjerilima i postupku za utvr\u0111ivanje reda prvenstva za kupnju stanova iz Programa dru\u0161tveno poticane stanogradnje na podru\u010dju Grada Ka\u0161tela &nbsp;&nbsp;&nbsp;<\/p>\n<p>30. Prijedlog odluke o zakupu i kupoprodaji poslovnih prostora Grada Ka\u0161tela<\/p>\n<p>31. Prijedlog odluke o kupovini nekretnina u k.o &nbsp;K. Kambelovac<\/p>\n<p>32. Prijedlog odluke o prijenosu prava vlasni\u0161tva na nekretninama bez naknade<\/p>\n<\/div>\n<p>&nbsp;&nbsp;&nbsp; &nbsp;&nbsp;&#8211; Izvjestiteljica t. 29. do t. 32.: Marija Pelivan, pro\u010delnica Upravnog odjela za komunalno gospodarstvo, imovinsko-pravne poslove i za\u0161titu okoli\u0161a<\/p>\n<p>33. Prijedlog odluke o progla\u0161enju Dana sje\u0107anja na \u017ertve savezni\u010dkog bombardiranja Ka\u0161tel Su\u0107urca 1943. g.<\/p>\n<p>&nbsp;&nbsp; &nbsp;&nbsp;&nbsp;&#8211; Izvjestiteljica: Sanda Jakus, pro\u010delnica u Upravnom odjelu za poslove Gradona\u010delnika i Gradskog Vije\u0107a<\/p>\n<div>\n<p><a name=\"_Hlk27050503\">34. &nbsp;Prijedlog o<\/a>dluke o dopuni Odluke o organizaciji parkiranja<\/p>\n<p>&nbsp;&nbsp;&nbsp;&nbsp;&nbsp; &#8211; Izvjestitelj: Alen Lu\u010di\u0107, direktor Zeleno i modro d.o.o.<\/p>\n<p>35. Prijedlog I izmjena i dopuna Prora\u010duna Grada Ka\u0161tela za 2020. godinu<\/p>\n<p>&nbsp; &nbsp;&nbsp;&nbsp;&nbsp;&#8211; Izvjestiteljica: Marija Matija \u0110iki\u0107, pro\u010delnica Upravnog odjela za financije, prora\u010dun i javnu nabavu<\/p>\n<p>36. Prijedlog izmjena i dopuna Programa gra\u0111enja komunalne infrastrukture za 2020. godinu<\/p>\n<p>37. Prijedlog izmjena i dopuna Programa odr\u017eavanja komunalne infrastrukture u gradu Ka\u0161tela za 2020.godinu<\/p>\n<p>&nbsp;&nbsp;&nbsp; &nbsp;&nbsp;&#8211; Izvjestiteljica t. 36. i t. 37.: Marija Pelivan, pro\u010delnica Upravnog odjela za komunalno gospodarstvo i imovinsko- pravne poslove<\/p>\n<p>38. Prijedlog izmjena Programa javnih potreba u socijalnoj skrbi i zdravstvenoj za\u0161titi Grada Ka\u0161tela za 2020. godinu<\/p>\n<p>39. Prijedlog 1. izmjena Programa financiranja javnih potreba u pred\u0161kolskom odgoju Grada Ka\u0161tela za 2020 . godinu<\/p>\n<p>40. Prijedlog 1. izmjena Programa financiranja javnih potreba u obrazovanju Grada Ka\u0161tela za 2020. godinu<\/p>\n<p>41. Prijedlog 1. izmjena Programa javnih potreba u kulturi Grada Ka\u0161tela za 2020. godinu<\/p>\n<p>42. Prijedlog 1. izmjena Programa financiranja javnih potreba u \u0161portu Grada Ka\u0161tela za 2020. &nbsp;godinu<\/p>\n<p>43. Prijedlog 1. izmjena Programa financiranja javnih potreba udruga gra\u0111ana, institucija, ustanova i vjerskih zajednica Grada Ka\u0161tela za 2020. godinu<\/p>\n<p>44. Prijedlog izmjena Programa javnih potreba u protupo\u017earnoj i civilnoj za\u0161titi Grada Ka\u0161tela za 2020. &nbsp;godinu<\/p>\n<p>&nbsp;&nbsp;&nbsp;&nbsp;&nbsp; &#8211; Izvjestiteljica t. 38. do t. 44.: Sandra Zoki\u0107, pro\u010delnica Upravnog odjela za dru\u0161tvene djelatnosti i op\u0107e poslove<\/p>\n<p>45. Prijedlog odluke o izboru najpovoljnije ponude za zakup poljoprivrednog zemlji\u0161ta u vlasni\u0161tvu Republike Hrvatske na podru\u010dju Grada Ka\u0161tela<\/p>\n<\/div>\n<p>&nbsp;&nbsp;&nbsp;&nbsp;&nbsp; &#8211; Izvjestitelj: Petar Kapov, \u010dlan Povjerenstva<\/p>\n<p><strong>Materijale i poziv na 22. sjednicu Gradskog vije\u0107a mo\u017eete preuzeti na linku ispod teksta<\/strong><\/p>\n<p>&nbsp;<\/p>\n","protected":false},"excerpt":{"rendered":"<p>Predsjednik Gradskog vije\u0107a Ivan Udovi\u010di\u0107 sazvao je 22. sjednicu Gradskog vije\u0107a Grada Ka\u0161tela za dan 16. lipnja (utorak) 2020. g. [&hellip;]<\/p>\n","protected":false},"author":7,"featured_media":5106,"comment_status":"closed","ping_status":"open","sticky":false,"template":"","format":"standard","meta":{"_acf_changed":false,"footnotes":""},"categories":[1],"tags":[],"class_list":["post-5105","post","type-post","status-publish","format-standard","has-post-thumbnail","hentry","category-novosti"],"acf":[],"_links":{"self":[{"href":"https:\/\/kastela.hr\/en\/wp-json\/wp\/v2\/posts\/5105","targetHints":{"allow":["GET"]}}],"collection":[{"href":"https:\/\/kastela.hr\/en\/wp-json\/wp\/v2\/posts"}],"about":[{"href":"https:\/\/kastela.hr\/en\/wp-json\/wp\/v2\/types\/post"}],"author":[{"embeddable":true,"href":"https:\/\/kastela.hr\/en\/wp-json\/wp\/v2\/users\/7"}],"replies":[{"embeddable":true,"href":"https:\/\/kastela.hr\/en\/wp-json\/wp\/v2\/comments?post=5105"}],"version-history":[{"count":2,"href":"https:\/\/kastela.hr\/en\/wp-json\/wp\/v2\/posts\/5105\/revisions"}],"predecessor-version":[{"id":14222,"href":"https:\/\/kastela.hr\/en\/wp-json\/wp\/v2\/posts\/5105\/revisions\/14222"}],"wp:featuredmedia":[{"embeddable":true,"href":"https:\/\/kastela.hr\/en\/wp-json\/wp\/v2\/media\/5106"}],"wp:attachment":[{"href":"https:\/\/kastela.hr\/en\/wp-json\/wp\/v2\/media?parent=5105"}],"wp:term":[{"taxonomy":"category","embeddable":true,"href":"https:\/\/kastela.hr\/en\/wp-json\/wp\/v2\/categories?post=5105"},{"taxonomy":"post_tag","embeddable":true,"href":"https:\/\/kastela.hr\/en\/wp-json\/wp\/v2\/tags?post=5105"}],"curies":[{"name":"wp","href":"https:\/\/api.w.org\/{rel}","templated":true}]}}