{"id":5099,"date":"2020-06-15T06:28:00","date_gmt":"2020-06-15T04:28:00","guid":{"rendered":"https:\/\/kastela.hr\/en\/2020\/06\/15\/gradu-kastela-odobreno-37-milijuna-kuna-za-obnovu-vile-nika\/"},"modified":"2024-08-29T10:48:08","modified_gmt":"2024-08-29T08:48:08","slug":"gradu-kastela-odobreno-37-milijuna-kuna-za-obnovu-vile-nika","status":"publish","type":"post","link":"https:\/\/kastela.hr\/en\/2020\/06\/15\/gradu-kastela-odobreno-37-milijuna-kuna-za-obnovu-vile-nika\/","title":{"rendered":"Gradu Ka\u0161tela odobreno 3,7 milijuna kuna za obnovu Vile Nika"},"content":{"rendered":"<p>Ministarstvo regionalnog razvoja i fondova europske unije donijelo je Odluku o dodjeli bespovratnih sredstava Gradu Ka\u0161tela za projekt &bdquo;Revitalizacija Vile Nika &ndash; Centar za za\u0161titu kulturne ba\u0161tine i klimatske promjene&ldquo; u okviru Operativnog programa &bdquo;Konkurentnost i kohezija 2014. &ndash; 2020.<\/p>\n<p>Sredstva se dodjeljuju u iznosu ne\u0161to ve\u0107em od 3,7 milijuna kuna koja predstavljaju 85 posto prihvatljivih tro\u0161kova projektnog prijedloga dok \u0107e preostalih 15 posto financirati Grad Ka\u0161tela u iznosu od 665 tisu\u0107a kuna.<\/p>\n<p>Obnova Vile Nika zapo\u010dela je krajem pro\u0161le godine, a cilj projekta je sprje\u010davanje daljnje devastacije&nbsp;te revitalizacija za\u0161ti\u0107ene ba\u0161tine kroz jasno odre\u0111enu namjenu. Sama sanacija gra\u0111evine je u skladu sa Specifi\u010dnim ciljem 6e2 Obnova brownfield lokacija (biv\u0161ih vojnih i\/ili industrijskih podru\u010dja) unutar ITU iz Operativnog programa Konkurentnost i kohezija 2014.-2020.<\/p>\n<p>Gra\u0111evina \u0107e nakon obnove imati poslovno-dru\u0161tvenu namjenu. U njoj \u0107e se smjestiti kavana u prizemlju, uredi na sve tri eta\u017ee i vi\u0161enamjensku dvorana na prvom katu sa pomo\u0107nim prostorijama. Uredi koji se nalaze u gra\u0111evini koristi \u0107e se isklju\u010divo za potrebe Turisti\u010dke zajednice. Vi\u0161enamjenska dvorana smje\u0161tena na prvom katu povr\u0161ine 22,9 m2 koristit \u0107e se isklju\u010divo za javne doga\u0111aje i sadr\u017eaje&nbsp;(promocije, radionice, sastanke, fokus grupe)&nbsp; i njeno kori\u0161tenje se ne\u0107e napla\u0107ivati. Prostor kavane koji je u prizemlju ukupne neto povr\u0161ine 70,7m2 (60,7 caffe + 10,00&nbsp;wc s predsobljem) + 15,6 m2 terase&nbsp; dati \u0107e se u najam&nbsp; putem javnog natje\u010daja.<\/p>\n<p>&#8211; Realizacijom ovog projekta grad \u0107e dobiti sadr\u017eaje kojima \u0107e pridonijeti razvoju turizma te ujedno o\u010duvati specifi\u010dni primjer secesijske gra\u0111evine na podru\u010dju Ka\u0161tela. U ovom mandatu gradska uprava poduzela je sve da se pokrene rekonstrukcija, ali i proces isho\u0111enja dokumentacije koji je bio dugotrajan jer se radi o za\u0161ti\u0107enom objektu &ndash; poru\u010duje gradona\u010delnik Denis Ivanovi\u0107.<\/p>\n","protected":false},"excerpt":{"rendered":"<p>Ministarstvo regionalnog razvoja i fondova europske unije donijelo je Odluku o dodjeli bespovratnih sredstava Gradu Ka\u0161tela za projekt &bdquo;Revitalizacija Vile [&hellip;]<\/p>\n","protected":false},"author":7,"featured_media":5100,"comment_status":"closed","ping_status":"open","sticky":false,"template":"","format":"standard","meta":{"_acf_changed":false,"footnotes":""},"categories":[1],"tags":[],"class_list":["post-5099","post","type-post","status-publish","format-standard","has-post-thumbnail","hentry","category-novosti"],"acf":[],"_links":{"self":[{"href":"https:\/\/kastela.hr\/en\/wp-json\/wp\/v2\/posts\/5099","targetHints":{"allow":["GET"]}}],"collection":[{"href":"https:\/\/kastela.hr\/en\/wp-json\/wp\/v2\/posts"}],"about":[{"href":"https:\/\/kastela.hr\/en\/wp-json\/wp\/v2\/types\/post"}],"author":[{"embeddable":true,"href":"https:\/\/kastela.hr\/en\/wp-json\/wp\/v2\/users\/7"}],"replies":[{"embeddable":true,"href":"https:\/\/kastela.hr\/en\/wp-json\/wp\/v2\/comments?post=5099"}],"version-history":[{"count":1,"href":"https:\/\/kastela.hr\/en\/wp-json\/wp\/v2\/posts\/5099\/revisions"}],"predecessor-version":[{"id":7022,"href":"https:\/\/kastela.hr\/en\/wp-json\/wp\/v2\/posts\/5099\/revisions\/7022"}],"wp:featuredmedia":[{"embeddable":true,"href":"https:\/\/kastela.hr\/en\/wp-json\/wp\/v2\/media\/5100"}],"wp:attachment":[{"href":"https:\/\/kastela.hr\/en\/wp-json\/wp\/v2\/media?parent=5099"}],"wp:term":[{"taxonomy":"category","embeddable":true,"href":"https:\/\/kastela.hr\/en\/wp-json\/wp\/v2\/categories?post=5099"},{"taxonomy":"post_tag","embeddable":true,"href":"https:\/\/kastela.hr\/en\/wp-json\/wp\/v2\/tags?post=5099"}],"curies":[{"name":"wp","href":"https:\/\/api.w.org\/{rel}","templated":true}]}}