{"id":5096,"date":"2020-06-17T05:12:00","date_gmt":"2020-06-17T03:12:00","guid":{"rendered":"https:\/\/kastela.hr\/en\/2020\/06\/17\/video-odrzana-22-sjednica-gradskog-vijeca\/"},"modified":"2024-08-29T10:48:08","modified_gmt":"2024-08-29T08:48:08","slug":"video-odrzana-22-sjednica-gradskog-vijeca","status":"publish","type":"post","link":"https:\/\/kastela.hr\/en\/2020\/06\/17\/video-odrzana-22-sjednica-gradskog-vijeca\/","title":{"rendered":"VIDEO: Odr\u017eana 22. sjednica Gradskog vije\u0107a"},"content":{"rendered":"<p>Sjednica Gradskog vije\u0107a, 22. po redu u ovom sazivu, zapo\u010dela je usvajanjem zapisnika s 20. i 21. sjednice nakon \u010dega su uslijedila vije\u0107ni\u010dka pitanja, a potom su, usvojene sve to\u010dke dnevnog reda.&nbsp;U uvjetima posebnih okolnosti izazvanih epidemijom bolesti COVID-19 uzrokovane virusom SARS-CoV-2 a, sjednica je ovoga puta odr\u017eana u Kino dvorani Sveti Juraj u Ka\u0161tel Su\u0107urcu.<\/p>\n<p>Na dnevnom redu na\u0161li su se izvje\u0161taji o izvr\u0161enju programa gradskih ustanova i tvrtki, kao i izvje\u0161taj o radu gradona\u010delnika za razdoblje srpanj &ndash; prosinac 2019.<\/p>\n<p>&#8211; Uklju\u010duju\u0107i projekte koje provodi EKO agencija, samo u posljednjih godinu dana u Ka\u0161tela je ulo\u017eeno 30 milijuna kuna \u0161to se odnosi na izgradnju vodoopskrbe i fekalne odvodnje. \u0160to se ti\u010de kanalizacije, u zadnje tri godine smo preko 60 ulica spojili na fekalnu odvodnju, a rije\u010d je o ulicama koje nisu u nadolaze\u0107em projektu aglomeracije. Zahvaljuju\u0107i Vodovodu i kanalizaciji te EKO Agenciji u prethodnom kvartalu sanirani su mnogobrojni ispusti zbog kojih smo protekle godine imali one\u010di\u0161\u0107enje mora tako da vjerujem da \u0107emo ove godine toga biti po\u0161te\u0111eni &ndash; kazao je, izme\u0111u ostalog, gradona\u010delnik Denis Ivanovi\u0107 dodaju\u0107i kako je zavr\u0161ena druga faza ure\u0111enja Ceste dr. Franje Tu\u0111mana od trgova\u010dkog centra do Solina, a ove jeseni kre\u0107e tre\u0107a faza rekonstrukcije.<\/p>\n<p>Ve\u0107inom glasova, prihva\u0107en je i godi\u0161nji izvje\u0161taj o izvr\u0161enju Prora\u010duna za 2019., ali i prvi rebalans Prora\u010duna za 2020.godinu koji iznosi 181 milijun kuna.<\/p>\n<p>Usvojena je odluka o progla\u0161enju Dana sje\u0107anja na \u017ertve savezni\u010dkog bombardiranja Ka\u0161tel Su\u0107urca 1943. godine kada je poginulo 97 mje\u0161tana. Dan sje\u0107anja \u0107e se dostojanstveno i primjereno obilje\u017eavati svake godine 5. prosinca.<\/p>\n","protected":false},"excerpt":{"rendered":"<p>Sjednica Gradskog vije\u0107a, 22. po redu u ovom sazivu, zapo\u010dela je usvajanjem zapisnika s 20. i 21. sjednice nakon \u010dega [&hellip;]<\/p>\n","protected":false},"author":7,"featured_media":5097,"comment_status":"closed","ping_status":"open","sticky":false,"template":"","format":"standard","meta":{"_acf_changed":false,"footnotes":""},"categories":[1],"tags":[],"class_list":["post-5096","post","type-post","status-publish","format-standard","has-post-thumbnail","hentry","category-novosti"],"acf":[],"_links":{"self":[{"href":"https:\/\/kastela.hr\/en\/wp-json\/wp\/v2\/posts\/5096","targetHints":{"allow":["GET"]}}],"collection":[{"href":"https:\/\/kastela.hr\/en\/wp-json\/wp\/v2\/posts"}],"about":[{"href":"https:\/\/kastela.hr\/en\/wp-json\/wp\/v2\/types\/post"}],"author":[{"embeddable":true,"href":"https:\/\/kastela.hr\/en\/wp-json\/wp\/v2\/users\/7"}],"replies":[{"embeddable":true,"href":"https:\/\/kastela.hr\/en\/wp-json\/wp\/v2\/comments?post=5096"}],"version-history":[{"count":1,"href":"https:\/\/kastela.hr\/en\/wp-json\/wp\/v2\/posts\/5096\/revisions"}],"predecessor-version":[{"id":7021,"href":"https:\/\/kastela.hr\/en\/wp-json\/wp\/v2\/posts\/5096\/revisions\/7021"}],"wp:featuredmedia":[{"embeddable":true,"href":"https:\/\/kastela.hr\/en\/wp-json\/wp\/v2\/media\/5097"}],"wp:attachment":[{"href":"https:\/\/kastela.hr\/en\/wp-json\/wp\/v2\/media?parent=5096"}],"wp:term":[{"taxonomy":"category","embeddable":true,"href":"https:\/\/kastela.hr\/en\/wp-json\/wp\/v2\/categories?post=5096"},{"taxonomy":"post_tag","embeddable":true,"href":"https:\/\/kastela.hr\/en\/wp-json\/wp\/v2\/tags?post=5096"}],"curies":[{"name":"wp","href":"https:\/\/api.w.org\/{rel}","templated":true}]}}