{"id":5089,"date":"2020-06-24T09:12:00","date_gmt":"2020-06-24T07:12:00","guid":{"rendered":"https:\/\/kastela.hr\/en\/2020\/06\/24\/u-tijeku-revitalizacija-parka-u-kastel-sucurcu\/"},"modified":"2024-08-29T10:48:08","modified_gmt":"2024-08-29T08:48:08","slug":"u-tijeku-revitalizacija-parka-u-kastel-sucurcu","status":"publish","type":"post","link":"https:\/\/kastela.hr\/en\/2020\/06\/24\/u-tijeku-revitalizacija-parka-u-kastel-sucurcu\/","title":{"rendered":"U tijeku revitalizacija parka u Ka\u0161tel Su\u0107urcu"},"content":{"rendered":"<p>Stanovnici Ka\u0161tel Su\u0107urca na predjelu Goja\u010de, dobit \u0107e potpuno revitalizirani park s dje\u010djim igrali\u0161tem. Djelatnici Vlastitog pogona posljednjih dana opremaju park razli\u010ditim sadr\u017eajima koji su namijenjeni djeci, sade cvije\u0107e, te ure\u0111uju staze i \u0161etnice.<\/p>\n<p>&#8211; Posljednjih godina Ka\u0161tela bilje\u017ee demografski rast, djece je iz godine u godinu sve vi\u0161e, pa se ukazuje potreba za novim sadr\u017eajima kako bi mali\u0161ani mogli kvalitetno provoditi svoje slobodno vrijeme.&nbsp;Nastavljamo i dalje stvarati sadr\u017eaj za najmla\u0111e, posebno u dijelu gdje ima mnogo obitelji s djecom &ndash; isti\u010de gradona\u010delnik Denis Ivanovi\u0107 navode\u0107i da \u0107e nakon dovr\u0161etka obnove ovoga parka Ka\u0161tela imati preko 30 izgra\u0111enih i obnovljenih dje\u010djih igrali\u0161ta.<\/p>\n<p>Vrijednost investicije je ne\u0161to ve\u0107a od 50 tisu\u0107a kuna.<\/p>\n<p>&nbsp;<\/p>\n<p>&nbsp;<\/p>\n","protected":false},"excerpt":{"rendered":"<p>Stanovnici Ka\u0161tel Su\u0107urca na predjelu Goja\u010de, dobit \u0107e potpuno revitalizirani park s dje\u010djim igrali\u0161tem. Djelatnici Vlastitog pogona posljednjih dana opremaju [&hellip;]<\/p>\n","protected":false},"author":7,"featured_media":5090,"comment_status":"closed","ping_status":"open","sticky":false,"template":"","format":"standard","meta":{"_acf_changed":false,"footnotes":""},"categories":[1],"tags":[],"class_list":["post-5089","post","type-post","status-publish","format-standard","has-post-thumbnail","hentry","category-novosti"],"acf":[],"_links":{"self":[{"href":"https:\/\/kastela.hr\/en\/wp-json\/wp\/v2\/posts\/5089","targetHints":{"allow":["GET"]}}],"collection":[{"href":"https:\/\/kastela.hr\/en\/wp-json\/wp\/v2\/posts"}],"about":[{"href":"https:\/\/kastela.hr\/en\/wp-json\/wp\/v2\/types\/post"}],"author":[{"embeddable":true,"href":"https:\/\/kastela.hr\/en\/wp-json\/wp\/v2\/users\/7"}],"replies":[{"embeddable":true,"href":"https:\/\/kastela.hr\/en\/wp-json\/wp\/v2\/comments?post=5089"}],"version-history":[{"count":1,"href":"https:\/\/kastela.hr\/en\/wp-json\/wp\/v2\/posts\/5089\/revisions"}],"predecessor-version":[{"id":7019,"href":"https:\/\/kastela.hr\/en\/wp-json\/wp\/v2\/posts\/5089\/revisions\/7019"}],"wp:featuredmedia":[{"embeddable":true,"href":"https:\/\/kastela.hr\/en\/wp-json\/wp\/v2\/media\/5090"}],"wp:attachment":[{"href":"https:\/\/kastela.hr\/en\/wp-json\/wp\/v2\/media?parent=5089"}],"wp:term":[{"taxonomy":"category","embeddable":true,"href":"https:\/\/kastela.hr\/en\/wp-json\/wp\/v2\/categories?post=5089"},{"taxonomy":"post_tag","embeddable":true,"href":"https:\/\/kastela.hr\/en\/wp-json\/wp\/v2\/tags?post=5089"}],"curies":[{"name":"wp","href":"https:\/\/api.w.org\/{rel}","templated":true}]}}